{"id":122,"date":"2013-12-12T20:38:39","date_gmt":"2013-12-12T20:38:39","guid":{"rendered":"http:\/\/shkollaislame.com\/SHKIWP\/index.php\/2013\/12\/12\/kjo-eshte-rruga-e-drejt-e-allahut\/"},"modified":"2013-12-12T20:38:39","modified_gmt":"2013-12-12T20:38:39","slug":"kjo-eshte-rruga-e-drejt-e-allahut","status":"publish","type":"post","link":"https:\/\/shkollaislame.com\/?p=122","title":{"rendered":"KJO \u00cbSHT\u00cb RRUGA E DREJT E ALLAHUT"},"content":{"rendered":"<p style=\"margin-bottom: 16.2pt; text-align: justify; text-indent: 36pt; line-height: 15.75pt; background-color: white;\"><span style=\"font-size: 12pt; font-family: Arial, sans-serif; color: #595959;\">Nga Abdullah Ib\u00ebn Mes\u2019udi transmetohet se ka th\u00ebn\u00eb: \u201cMuhamedi, -sal-lallahu alejhi ue selem!-, me dor\u00ebn e tij e b\u00ebri nj\u00eb viz\u00eb t\u00eb drejt\u00eb, e tha: \u201cKjo \u00ebsht\u00eb rruga e drejt\u00eb e Allahut\u201d; E, m\u00eb pas i b\u00ebri disa viza t\u00eb tjera, n\u00eb t\u00eb djatht\u00eb e n\u00eb t\u00eb majt\u00eb, dhe tha: \u201cE n\u00eb k\u00ebto rrug\u00eb nuk ka rrugic\u00eb, e q\u00eb n\u00eb t\u00eb t\u00eb mos jet\u00eb nj\u00eb shejtan q\u00eb th\u00ebrret n\u00eb t\u00eb!\u201d E, pastaj&nbsp; e lexoi fjal\u00ebn e Allahut: <!--more--> <\/span><span style=\"font-size: 11.5pt; font-family: Calibri, sans-serif; color: #444444;\"><\/span><\/p>\n<p style=\"margin-bottom: 16.2pt; text-align: justify; line-height: 15.75pt; background-color: white;\"><span dir=\"RTL\" style=\"font-size: 12pt; font-family: Arial, sans-serif; color: #595959;\">\u0648\u064e\u0623\u064e\u0646\u064e\u0651 \u0647\u064e\u0640\u0670\u0630\u064e\u0627 \u0635\u0650\u0631\u064e\u200c\u0627\u0637\u0650\u064a \u0645\u064f\u0633\u0652\u062a\u064e\u0642\u0650\u064a\u0645\u064b\u0627 \u0641\u064e\u0627\u062a\u064e\u0651\u0628\u0650\u0639\u064f\u0648\u0647\u064f \u06d6 \u0648\u064e\u0644\u064e\u0627 \u062a\u064e\u062a\u064e\u0651\u0628\u0650\u0639\u064f\u0648\u0627 \u0627\u0644\u0633\u064f\u0651\u0628\u064f\u0644\u064e \u0641\u064e\u062a\u064e\u0641\u064e\u0631\u064e\u0651\u200c\u0642\u064e \u0628\u0650\u0643\u064f\u0645\u0652 \u0639\u064e\u0646 \u0633\u064e\u0628\u0650\u064a\u0644\u0650\u0647\u0650 \u06da \u0630\u064e\u0670\u0644\u0650\u0643\u064f\u0645\u0652 \u0648\u064e\u0635\u064e\u0651\u0627\u0643\u064f\u0645 \u0628\u0650\u0647\u0650 \u0644\u064e\u0639\u064e\u0644\u064e\u0651\u0643\u064f\u0645\u0652 \u062a\u064e\u062a\u064e\u0651\u0642\u064f\u0648\u0646\u064e&nbsp;<\/span><span style=\"font-size: 12pt; font-family: Arial, sans-serif; color: #595959;\"><br \/> <b>&#8221;Dhe, qe, kjo \u00ebsht\u00eb rruga ime e drejt\u00eb; prandaj ndiqnie, e mos shkoni rrug\u00ebve tjera q\u00eb t\u2019ju shmangin ato nga rruga e Tij. Kjo \u00ebsht\u00eb ajo q\u00eb ju porosit\u00eb Ai p\u00ebr t\u2019u ruajtur nga t\u00eb k\u00ebqijat&#8221;<\/b>.[1]<\/span><span style=\"font-size: 11.5pt; font-family: Calibri, sans-serif; color: #444444;\"><\/span><\/p>\n<p style=\"margin-bottom: 16.2pt; text-align: justify; text-indent: 36pt; line-height: 15.75pt; background-color: white;\"><span style=\"font-size: 12pt; font-family: Arial, sans-serif; color: #595959;\">Muxhahidi, n\u00eb lidhje me fjal\u00ebn e Allahut:&nbsp;<b>&#8220;Mos shkoni rrug\u00ebve tjera&#8221;<\/b>, thot\u00eb: &#8221;Mos e ndiqni rrug\u00ebn e bidateve (risive) dhe dyshimeve&#8221;.[2]&nbsp;<\/span><span style=\"font-size: 11.5pt; font-family: Calibri, sans-serif; color: #444444;\"><\/span><\/p>\n<p style=\"margin-bottom: 16.2pt; text-align: justify; text-indent: 36pt; line-height: 15.75pt; background-color: white;\"><span style=\"font-size: 12pt; font-family: Arial, sans-serif; color: #595959;\">Marr\u00eb nga libri: \u201cFet&#8217;hul Mexhid Li sherhi Kitabit-Teuhid\u201d, f.51<\/span><span style=\"font-size: 11.5pt; font-family: Calibri, sans-serif; color: #444444;\"><\/span><\/p>\n<p style=\"margin-bottom: 16.2pt; text-align: justify; text-indent: 36pt; line-height: 15.75pt; background-color: white;\"><span style=\"font-size: 12pt; font-family: Arial, sans-serif; color: #595959;\"><br \/> P\u00ebrktheu: Suad Shabani<\/span><span style=\"font-size: 11.5pt; font-family: Calibri, sans-serif; color: #444444;\"><\/span><\/p>\n<p style=\"margin-bottom: 16.2pt; text-align: justify; text-indent: 36pt; line-height: 15.75pt; background-color: white;\"><span style=\"font-size: 12pt; font-family: Arial, sans-serif; color: #595959;\">Medine En-Nebevije, 01.04.2013<\/span><span style=\"font-size: 11.5pt; font-family: Calibri, sans-serif; color: #444444;\"><\/span><\/p>\n<p style=\"margin-bottom: 16.2pt; text-align: justify; text-indent: 36pt; line-height: 15.75pt; background-color: white;\"><span style=\"font-size: 11.5pt; font-family: Calibri, sans-serif; color: #444444;\"><br clear=\"all\" \/> <\/span><span style=\"font-size: 12pt; font-family: 'Times New Roman', serif;\"><\/span><\/p>\n<div style=\"margin-bottom: 16.2pt; text-indent: 36pt; line-height: 15.75pt; background-color: white;\">\n<hr size=\"1\" width=\"33%\" noshade=\"noshade\" align=\"left\" style=\"color: #444444;\" \/><\/div>\n<p style=\"margin-bottom: 16.2pt; text-align: justify; line-height: 15.75pt; background-color: white;\"><span style=\"font-family: Georgia, serif; color: #0068cf;\">[1]<\/span><span style=\"font-size: 11.5pt; font-family: Georgia, serif; color: #444444;\">&nbsp;<\/span><span style=\"font-size: 11.5pt; font-family: Georgia, serif; color: #444444;\">Kuran;<\/span><span style=\"font-size: 11.5pt; font-family: Georgia, serif; color: #444444;\">&nbsp;El-En\u2019am: 153.<\/span><span style=\"font-size: 11.5pt; font-family: Calibri, sans-serif; color: #444444;\"><\/span><\/p>\n<p><span style=\"font-family: Georgia, serif; color: #0068cf;\">[2]<\/span><span style=\"font-size: 11.5pt; line-height: 115%; font-family: Georgia, serif; color: #444444;\">&nbsp;K\u00ebt\u00eb e ka sh\u00ebnuar Imam Taberiu n\u00eb tefsirin e tij dhe Ib\u00ebn ebi Shejbeh.<\/span><\/p>\n","protected":false},"excerpt":{"rendered":"<p>Nga Abdullah Ib\u00ebn Mes\u2019udi transmetohet se ka th\u00ebn\u00eb: \u201cMuhamedi, -sal-lallahu alejhi ue selem!-, me dor\u00ebn e tij e b\u00ebri nj\u00eb viz\u00eb t\u00eb drejt\u00eb, e tha: \u201cKjo \u00ebsht\u00eb rruga e drejt\u00eb e Allahut\u201d; E, m\u00eb pas i b\u00ebri disa viza t\u00eb tjera, n\u00eb t\u00eb djatht\u00eb e n\u00eb t\u00eb majt\u00eb, dhe tha: \u201cE n\u00eb k\u00ebto rrug\u00eb nuk [&hellip;]<\/p>\n","protected":false},"author":3,"featured_media":0,"comment_status":"open","ping_status":"open","sticky":false,"template":"","format":"standard","meta":{"footnotes":""},"categories":[16],"tags":[],"class_list":{"0":"post-122","1":"post","2":"type-post","3":"status-publish","4":"format-standard","6":"category-c104-hadithi-kr"},"_links":{"self":[{"href":"https:\/\/shkollaislame.com\/index.php?rest_route=\/wp\/v2\/posts\/122","targetHints":{"allow":["GET"]}}],"collection":[{"href":"https:\/\/shkollaislame.com\/index.php?rest_route=\/wp\/v2\/posts"}],"about":[{"href":"https:\/\/shkollaislame.com\/index.php?rest_route=\/wp\/v2\/types\/post"}],"author":[{"embeddable":true,"href":"https:\/\/shkollaislame.com\/index.php?rest_route=\/wp\/v2\/users\/3"}],"replies":[{"embeddable":true,"href":"https:\/\/shkollaislame.com\/index.php?rest_route=%2Fwp%2Fv2%2Fcomments&post=122"}],"version-history":[{"count":0,"href":"https:\/\/shkollaislame.com\/index.php?rest_route=\/wp\/v2\/posts\/122\/revisions"}],"wp:attachment":[{"href":"https:\/\/shkollaislame.com\/index.php?rest_route=%2Fwp%2Fv2%2Fmedia&parent=122"}],"wp:term":[{"taxonomy":"category","embeddable":true,"href":"https:\/\/shkollaislame.com\/index.php?rest_route=%2Fwp%2Fv2%2Fcategories&post=122"},{"taxonomy":"post_tag","embeddable":true,"href":"https:\/\/shkollaislame.com\/index.php?rest_route=%2Fwp%2Fv2%2Ftags&post=122"}],"curies":[{"name":"wp","href":"https:\/\/api.w.org\/{rel}","templated":true}]}}