{"id":1438,"date":"2016-09-24T10:57:19","date_gmt":"2016-09-24T10:57:19","guid":{"rendered":"http:\/\/shkollaislame.com\/SHKIWP\/index.php\/2016\/09\/24\/falem-dhe-agjeroj-po-nuk-jam-e-mbuluar\/"},"modified":"2016-09-24T10:57:19","modified_gmt":"2016-09-24T10:57:19","slug":"falem-dhe-agjeroj-po-nuk-jam-e-mbuluar","status":"publish","type":"post","link":"https:\/\/shkollaislame.com\/?p=1438","title":{"rendered":"FALEM DHE AGJ\u00cbROJ, PO NUK JAM E MBULUAR!!"},"content":{"rendered":"<p style=\"text-align: justify;\"><span style=\"line-height: 1.3em;\">E pyeti: a agj\u00ebron dhe falesh?<\/span><\/p>\n<p style=\"text-align: justify;\">U qesh dhe tha: Normalisht q\u00eb agj\u00ebroj dhe falem!<\/p>\n<p style=\"text-align: justify;\">E pyeti: a je e mbuluar me hixhab?<\/p>\n<p style=\"text-align: justify;\">U p\u00ebrgjigj: Jo, nuk jam e mbuluar!<\/p>\n<p style=\"text-align: justify;\">E pyeti: kush t\u00eb detyroi t\u00eb agj\u00ebrosh dhe t\u00eb falesh?<\/p>\n<p>  <!--more-->  <\/p>\n<p style=\"text-align: justify;\">\u00a0<\/p>\n<p style=\"text-align: justify;\">Tha: Allahu i Madh\u00ebruar!<\/p>\n<p style=\"font-family: Georgia, 'Times New Roman', 'Bitstream Charter', Times, serif; font-size: 16px;\">Kush ta ka detyruar hixhabin?<\/p>\n<p style=\"text-align: justify;\">Heshti nj\u00eb momenti dhe pastaj u p\u00ebrgjigj: Allahu i Madh\u00ebruar!<\/p>\n<p style=\"text-align: justify;\">I tha: at\u00ebher\u00eb hesht dhe d\u00ebgjo k\u00ebt\u00eb ajet ku Allahu i Madh\u00ebruar thot\u00eb: &#8220;<strong>Mos vall\u00eb, nj\u00eb pjes\u00eb t\u00eb Librit e besoni, kurse pjes\u00ebn tjet\u00ebr e mohoni?! Cilido prej jush q\u00eb vepron k\u00ebshtu, do t\u00eb nd\u00ebshkohet me posht\u00ebrim n\u00eb k\u00ebt\u00eb jet\u00eb, nd\u00ebrsa n\u00eb Dit\u00ebn e Kiametit do t\u00eb d\u00ebrgohet n\u00eb d\u00ebnimin m\u00eb t\u00eb ashp\u00ebr.\u00a0<\/strong><strong>Allahu nuk \u00ebsht\u00eb i pav\u00ebmendsh\u00ebm ndaj veprimeve<\/strong><strong>tuaja&#8221;.<\/strong>\u00a0Bekare 85.<\/p>\n<p style=\"text-align: justify;\"><span style=\"line-height: 1.3em;\">Nga arabishtja: Irfan\u00a0<\/span><strong style=\"line-height: 1.3em;\">JAHIU<\/strong><\/p>\n<p style=\"font-family: Georgia, 'Times New Roman', 'Bitstream Charter', Times, serif; font-size: 16px;\">\u00a0<\/p>\n<p style=\"font-family: Georgia, 'Times New Roman', 'Bitstream Charter', Times, serif; font-size: 16px;\">\u00a0<\/p>\n","protected":false},"excerpt":{"rendered":"<p>E pyeti: a agj\u00ebron dhe falesh? U qesh dhe tha: Normalisht q\u00eb agj\u00ebroj dhe falem! E pyeti: a je e mbuluar me hixhab? U p\u00ebrgjigj: Jo, nuk jam e mbuluar! E pyeti: kush t\u00eb detyroi t\u00eb agj\u00ebrosh dhe t\u00eb falesh?<\/p>\n","protected":false},"author":3,"featured_media":0,"comment_status":"open","ping_status":"open","sticky":false,"template":"","format":"standard","meta":{"footnotes":""},"categories":[25],"tags":[],"class_list":{"0":"post-1438","1":"post","2":"type-post","3":"status-publish","4":"format-standard","6":"category-c94-gruaja-dhe-familja"},"_links":{"self":[{"href":"https:\/\/shkollaislame.com\/index.php?rest_route=\/wp\/v2\/posts\/1438","targetHints":{"allow":["GET"]}}],"collection":[{"href":"https:\/\/shkollaislame.com\/index.php?rest_route=\/wp\/v2\/posts"}],"about":[{"href":"https:\/\/shkollaislame.com\/index.php?rest_route=\/wp\/v2\/types\/post"}],"author":[{"embeddable":true,"href":"https:\/\/shkollaislame.com\/index.php?rest_route=\/wp\/v2\/users\/3"}],"replies":[{"embeddable":true,"href":"https:\/\/shkollaislame.com\/index.php?rest_route=%2Fwp%2Fv2%2Fcomments&post=1438"}],"version-history":[{"count":0,"href":"https:\/\/shkollaislame.com\/index.php?rest_route=\/wp\/v2\/posts\/1438\/revisions"}],"wp:attachment":[{"href":"https:\/\/shkollaislame.com\/index.php?rest_route=%2Fwp%2Fv2%2Fmedia&parent=1438"}],"wp:term":[{"taxonomy":"category","embeddable":true,"href":"https:\/\/shkollaislame.com\/index.php?rest_route=%2Fwp%2Fv2%2Fcategories&post=1438"},{"taxonomy":"post_tag","embeddable":true,"href":"https:\/\/shkollaislame.com\/index.php?rest_route=%2Fwp%2Fv2%2Ftags&post=1438"}],"curies":[{"name":"wp","href":"https:\/\/api.w.org\/{rel}","templated":true}]}}