{"id":1482,"date":"2016-12-21T12:51:58","date_gmt":"2016-12-21T12:51:58","guid":{"rendered":"http:\/\/shkollaislame.com\/SHKIWP\/index.php\/2016\/12\/21\/qendrimi-i-kater-medhhebeve-lidhur-me-urimin-e-festave-mosbesimtareve-2\/"},"modified":"2016-12-21T12:51:58","modified_gmt":"2016-12-21T12:51:58","slug":"qendrimi-i-kater-medhhebeve-lidhur-me-urimin-e-festave-mosbesimtareve-2","status":"publish","type":"post","link":"https:\/\/shkollaislame.com\/?p=1482","title":{"rendered":"Q\u00cbNDRIMI I KAT\u00cbR MEDHHEBEVE LIDHUR ME URIMIN E FESTAVE MOSBESIMTAR\u00cbVE"},"content":{"rendered":"<p style=\"text-align: justify;\"><span style=\"line-height: 1.5;\">Tek Hanefijt\u00eb (Allahu i m\u00ebshiroft\u00eb)<\/span><\/p>\n<p style=\"text-align: justify;\">Ka th\u00ebn\u00eb Ebu Hafs el-Kebir, Allahu e m\u00ebshiroft\u00eb: Sikur nj\u00eb person t\u00eb ket\u00eb adhuruar Allahun 50 vite, pastaj vjen n\u00eb dit\u00ebn e \u201cNejruzit\u201d (fest\u00eb persiane, q\u00eb do t\u00eb thot\u00eb &#8220;dita e g\u00ebzimit&#8221;) dhe i dhuron disa politeist\u00ebve (mushrik\u00ebve) ve, d\u00ebshiron madh\u00ebrimin e asaj, ai dite ve\u00e7 ka b\u00ebr\u00eb kuf\u00ebr dhe ia jan\u00eb rr\u00ebzuar veprat.<\/p>\n<p style=\"text-align: justify;\">Autori I el-Xhami El-Asgar ka th\u00ebn\u00eb: N\u00ebse i ka dhuruar dit\u00ebn e \u201cNejruzit\u201d nj\u00eb muslimani tjet\u00ebr dhe nuk ka p\u00ebr q\u00ebllim madh\u00ebrimin e asaj dite, por si tradit\u00eb q\u00eb e b\u00ebjn\u00eb disa njer\u00ebz, n\u00eb k\u00ebt\u00eb rast nuk b\u00ebn kuf\u00ebr, por nuk duhet q\u00eb at\u00eb ta b\u00ebj\u00eb n\u00eb at\u00eb dit\u00eb ve\u00e7an\u00ebrisht, por e b\u00ebn para ose pas q\u00eb mos t\u00eb p\u00ebrngjasoj me at\u00eb popull. Muhamedi alejhi selam ka th\u00ebn\u00eb :\u201d Kush i p\u00ebrngjet nj\u00eb populli, ai \u00ebsht\u00eb prej tyre&#8221;.<\/p>\n<p style=\"text-align: justify;\">El-Bahru-Rraik iben Nuxhejm el-Hanefij 8\\555.<\/p>\n<p>  <!--more-->  <\/p>\n<p style=\"text-align: justify;\">\u00a0<\/p>\n<p style=\"text-align: justify;\"><span data-reactid=\".l5.$mid=11419203593152=2839b773c934b514803.2:0.0.0.0.0.0.$end:0:$12:0\">Tek Malikijt\u00eb (Allahu i m\u00ebshiroft\u00eb)<\/span><\/p>\n<p style=\"text-align: justify;\">\u00cbsht\u00eb pyetur ib\u00ebn Kasim, Allahu e m\u00ebshiroft\u00eb, p\u00ebr hipjen n\u00eb anijen n\u00eb t\u00eb cil\u00ebn hipin t\u00eb krishter\u00ebt p\u00ebr festat e tyre, ai e ka urryer k\u00ebt\u00eb nga frika se mund t\u00eb zbres hidh\u00ebrimi (i Allahut) mbi ta, p\u00ebr shkak t\u00eb kufrit p\u00ebr t\u00eb cilin jan\u00eb bashkuar.<\/p>\n<p style=\"text-align: justify;\">Ib\u00ebn Kasim, Allahu e m\u00ebshiroft\u00eb, e ka urryer q\u00eb muslimani t&#8217;i dhuroj t\u00eb krishterit dhurata p\u00ebr k\u00ebt\u00eb fest\u00eb. K\u00ebt\u00eb e ka llogaritur nga madh\u00ebrimi i fest\u00ebs s\u00eb tij dhe ndihm\u00eb p\u00ebr kufrin e tij. A nuk e dini se muslimani e ka t\u00eb ndaluar t&#8217;i shet t\u00eb krishterit di\u00e7ka q\u00eb e ndihmon n\u00eb fest\u00ebn e tij, si: mish, er\u00ebza, rroba, nuk i jep hua kafsh\u00ebn e as nuk e ndihmon n\u00eb di\u00e7ka prej fes\u00eb s\u00eb tij, sepse kjo \u00ebsht\u00eb nga madh\u00ebrimi i politezmit t\u00eb tij dhe ndihm\u00eb p\u00ebr mosbesimin e tij. Sulltani duhet t\u00eb ndaloj\u00eb musliman\u00ebt nga kjo. Ky \u00ebsht\u00eb mendimi i imam Malikut, Allahu e m\u00ebshiroft\u00eb dhe t\u00eb tjer\u00ebve dhe nuk di q\u00eb dikush nuk \u00ebsht\u00eb pajtuar me k\u00ebt\u00eb.<\/p>\n<p style=\"text-align: justify;\">El-Medhal ib\u00ebn Haxh el Malikij 2\/46.47.<\/p>\n<p style=\"text-align: justify;\"><span data-reactid=\".l5.$mid=11419203593152=2839b773c934b514803.2:0.0.0.0.0.0.$end:0:$22:0\">Tek Shafijt\u00eb (Allahu i m\u00ebshiroft\u00eb)<\/span><\/p>\n<p style=\"text-align: justify;\">Ib\u00ebn Haxher el-hejtemi esh-Shafij, Allahu e m\u00ebshiroft\u00eb ka th\u00ebn\u00eb: Prej risive m\u00eb t\u00eb turpshme \u00ebsht\u00eb konfirmimi i musliman\u00ebve t\u00eb krishter\u00ebve n\u00eb festat e tyre me p\u00ebrngjasim, si, n\u00eb ushqim, dhurata p\u00ebr ata dhe pranimin e dhuratave prej tyre\u2026\u201d.<\/p>\n<p style=\"text-align: justify;\">El-Fetava fikhije kubra ib\u00ebn Haxher el-Hejtemi 4\/238, 239,<\/p>\n<p style=\"text-align: justify;\">Tek Hanbelit\u00eb (Allahu i m\u00ebshiroft\u00eb)<\/p>\n<p style=\"text-align: justify;\">El-Behuti ka th\u00ebn\u00eb: \u201d\u00cbsht\u00eb e ndaluar t&#8217;ua urojm\u00eb (festat), t&#8217;i ngush\u00ebllojm\u00eb\u2026&#8221;. Po ashtu thot\u00eb: &#8220;\u00cbsht\u00eb e ndaluar t\u00eb prezentojm\u00eb n\u00eb festat e jehud\u00ebve dhe t\u00eb krishter\u00ebve dhe t\u00eb tjer\u00ebve prej kufar\u00ebve&#8221;.<\/p>\n<p style=\"text-align: justify;\">Kesful-kana an metnil ikna, lil Behurij 3\\ 131<\/p>\n<p style=\"text-align: justify;\"><span data-reactid=\".l5.$mid=11419203593152=2839b773c934b514803.2:0.0.0.0.0.0.$end:0:$34:0\">P\u00cbRFUNDIM:<\/span><\/p>\n<p style=\"text-align: justify;\"><span data-reactid=\".l5.$mid=11419203593152=2839b773c934b514803.2:0.0.0.0.0.0.$end:0:$36:0\">Duke u bazuar n\u00eb imam\u00ebt e medh\u2019hebeve q\u00eb cek\u00ebm me lart\u00eb, ne: nuk ua urojm\u00eb festat t\u00eb krishter\u00ebve dhe t\u00eb tjer\u00ebve, sepse k\u00ebto nuk jan\u00eb festat tona dhe nuk jan\u00eb festa q\u00eb k\u00ebnaqin Allahun. Bile jan\u00eb festa t\u00eb shpikura nga vet\u00eb ata n\u00eb fen\u00eb e tyre. Njashtu, ne nuk i p\u00ebrngjasojm\u00eb ata n\u00eb organizmin e ahengjeve sikur k\u00ebto festa, edhe pse kjo ndodh\u00eb n\u00eb shum\u00eb vende me shumic\u00eb muslimane p\u00ebr fat t\u00eb keq. Ne n\u00eb k\u00ebto festa gjithashtu nuk shk\u00ebmbejm\u00eb dhurata, nuk shp\u00ebrndajm\u00eb \u00ebmb\u00eblsira, e as ushqim, dhe nuk e nd\u00ebrpresim pun\u00ebn, si\u00e7 ndodhe tek ne dhe tek musliman\u00ebt.<\/span><\/p>\n<p style=\"text-align: justify;\">P\u00ebrmblodhi dhe p\u00ebrshtati: Valdet Kamberi<\/p>\n","protected":false},"excerpt":{"rendered":"<p>Tek Hanefijt\u00eb (Allahu i m\u00ebshiroft\u00eb) Ka th\u00ebn\u00eb Ebu Hafs el-Kebir, Allahu e m\u00ebshiroft\u00eb: Sikur nj\u00eb person t\u00eb ket\u00eb adhuruar Allahun 50 vite, pastaj vjen n\u00eb dit\u00ebn e \u201cNejruzit\u201d (fest\u00eb persiane, q\u00eb do t\u00eb thot\u00eb &#8220;dita e g\u00ebzimit&#8221;) dhe i dhuron disa politeist\u00ebve (mushrik\u00ebve) ve, d\u00ebshiron madh\u00ebrimin e asaj, ai dite ve\u00e7 ka b\u00ebr\u00eb kuf\u00ebr dhe [&hellip;]<\/p>\n","protected":false},"author":3,"featured_media":0,"comment_status":"open","ping_status":"open","sticky":false,"template":"","format":"standard","meta":{"footnotes":""},"categories":[4],"tags":[],"class_list":{"0":"post-1482","1":"post","2":"type-post","3":"status-publish","4":"format-standard","6":"category-c86-akide"},"_links":{"self":[{"href":"https:\/\/shkollaislame.com\/index.php?rest_route=\/wp\/v2\/posts\/1482","targetHints":{"allow":["GET"]}}],"collection":[{"href":"https:\/\/shkollaislame.com\/index.php?rest_route=\/wp\/v2\/posts"}],"about":[{"href":"https:\/\/shkollaislame.com\/index.php?rest_route=\/wp\/v2\/types\/post"}],"author":[{"embeddable":true,"href":"https:\/\/shkollaislame.com\/index.php?rest_route=\/wp\/v2\/users\/3"}],"replies":[{"embeddable":true,"href":"https:\/\/shkollaislame.com\/index.php?rest_route=%2Fwp%2Fv2%2Fcomments&post=1482"}],"version-history":[{"count":0,"href":"https:\/\/shkollaislame.com\/index.php?rest_route=\/wp\/v2\/posts\/1482\/revisions"}],"wp:attachment":[{"href":"https:\/\/shkollaislame.com\/index.php?rest_route=%2Fwp%2Fv2%2Fmedia&parent=1482"}],"wp:term":[{"taxonomy":"category","embeddable":true,"href":"https:\/\/shkollaislame.com\/index.php?rest_route=%2Fwp%2Fv2%2Fcategories&post=1482"},{"taxonomy":"post_tag","embeddable":true,"href":"https:\/\/shkollaislame.com\/index.php?rest_route=%2Fwp%2Fv2%2Ftags&post=1482"}],"curies":[{"name":"wp","href":"https:\/\/api.w.org\/{rel}","templated":true}]}}