{"id":153,"date":"2014-01-13T10:24:14","date_gmt":"2014-01-13T10:24:14","guid":{"rendered":"http:\/\/shkollaislame.com\/SHKIWP\/index.php\/2014\/01\/13\/moter-martohu-me-kete-djale\/"},"modified":"2014-01-13T10:24:14","modified_gmt":"2014-01-13T10:24:14","slug":"moter-martohu-me-kete-djale","status":"publish","type":"post","link":"https:\/\/shkollaislame.com\/?p=153","title":{"rendered":"MOT\u00cbR MARTOHU ME K\u00cbT\u00cb DJAL\u00cb!!"},"content":{"rendered":"<p align=\"center\" style=\"line-height: 150%; direction: ltr; unicode-bidi: embed; text-align: justify;\"><span style=\"font-size: 16px; font-family: Cambria, serif; line-height: 150%; text-align: justify;\">N\u00ebse ta k\u00ebrkon dor\u00ebn nj\u00eb djal\u00eb, i cili, ka moral dhe ka fe.. martoje!<\/span><\/p>\n<p style=\"text-align: justify; line-height: 150%; direction: ltr; unicode-bidi: embed;\"><span style=\"font-size: 12pt; line-height: 150%; font-family: Cambria, serif;\">N\u00ebse ta k\u00ebrkon dor\u00ebn nj\u00eb djal\u00eb, i cili, me n\u00ebn\u00ebn dhe me motr\u00ebn e vet sillet si me mbret\u00ebresha.. martoje!<\/span><\/p>\n<p style=\"text-align: justify; line-height: 150%; direction: ltr; unicode-bidi: embed;\"><span style=\"font-size: 12pt; line-height: 150%; font-family: Cambria, serif;\"> <!--more--> <\/span><\/p>\n<p style=\"text-align: justify; line-height: 150%; direction: ltr; unicode-bidi: embed;\"><span style=\"font-size: 12pt; line-height: 150%; font-family: Cambria, serif;\">N\u00ebse ta k\u00ebrkon dor\u00ebn nj\u00eb djal\u00eb, i cili, me t\u00eb miturin sillet si t\u00eb jet\u00eb baba i tij.. martoje!<\/span><\/p>\n<p style=\"text-align: justify; line-height: 150%; direction: ltr; unicode-bidi: embed;\"><span style=\"font-size: 12pt; line-height: 150%; font-family: Cambria, serif;\">N\u00ebse ta&nbsp; k\u00ebrkon dor\u00ebn nj\u00eb djal\u00eb, q\u00eb e fal namazin nga frika e llogaris\u00eb para Allahut, e jo nga frika e njer\u00ebzve apo nga humbja e reputacionit.. martoje!<\/span><\/p>\n<p style=\"text-align: justify; line-height: 150%; direction: ltr; unicode-bidi: embed;\"><span style=\"font-size: 12pt; line-height: 150%; font-family: Cambria, serif;\">N\u00ebse ta k\u00ebrkon dor\u00ebn nj\u00eb djal\u00eb, i cili, e don\u00eb mbules\u00ebn t\u00ebnde, dhe \u00ebsht\u00eb i k\u00ebnaqur t\u00eb ket\u00eb p\u00ebr grua, para se t\u00eb sheh t\u00eb zbukuruar me kozmetik\u00eb.. martoje! <\/span><\/p>\n<p style=\"text-align: justify; line-height: 150%; direction: ltr; unicode-bidi: embed;\"><span style=\"font-size: 12pt; line-height: 150%; font-family: Cambria, serif;\">N\u00ebse ta k\u00ebrkon dor\u00ebn nj\u00eb djal\u00eb, i cili, e don\u00eb namazin e nat\u00ebs.. martoje!<\/span><\/p>\n<p style=\"text-align: justify; line-height: 150%; direction: ltr; unicode-bidi: embed;\"><span style=\"font-size: 12pt; line-height: 150%; font-family: Cambria, serif;\">N\u00ebse ta k\u00ebrkon dor\u00ebn nj\u00eb djal\u00eb, i cili, qan se nj\u00eb f\u00ebmij\u00eb mbetet jetim.. martoje!<\/span><\/p>\n<p style=\"text-align: justify; line-height: 150%; direction: ltr; unicode-bidi: embed;\"><span style=\"font-size: 12pt; line-height: 150%; font-family: Cambria, serif;\">N\u00ebse ta k\u00ebrkon dor\u00ebn nj\u00eb djal\u00eb, i cili, pik\u00ebllohet p\u00ebr gjendjen e musliman\u00ebve.. martoje!<\/span><\/p>\n<p style=\"text-align: justify; line-height: 150%; direction: ltr; unicode-bidi: embed;\"><span style=\"font-size: 12pt; line-height: 150%; font-family: Cambria, serif;\">Nga arabishtja: Irfan <b>JAHIU<\/b><\/span><\/p>\n<p dir=\"RTL\" style=\"text-align: justify; line-height: 150%;\"><span dir=\"LTR\" style=\"font-size: 12pt; line-height: 150%; font-family: Cambria, serif;\">&nbsp;<\/span><\/p>\n<p dir=\"RTL\" style=\"text-align: justify; line-height: 150%;\"><span dir=\"LTR\" style=\"font-size: 12pt; line-height: 150%; font-family: Cambria, serif;\">&nbsp;<\/span><\/p>\n<p dir=\"RTL\" style=\"text-align: justify; line-height: 150%;\"><span dir=\"LTR\" style=\"font-size: 12pt; line-height: 150%; font-family: Cambria, serif;\">&nbsp;<\/span><\/p>\n","protected":false},"excerpt":{"rendered":"<p>N\u00ebse ta k\u00ebrkon dor\u00ebn nj\u00eb djal\u00eb, i cili, ka moral dhe ka fe.. martoje! N\u00ebse ta k\u00ebrkon dor\u00ebn nj\u00eb djal\u00eb, i cili, me n\u00ebn\u00ebn dhe me motr\u00ebn e vet sillet si me mbret\u00ebresha.. martoje!<\/p>\n","protected":false},"author":3,"featured_media":0,"comment_status":"open","ping_status":"open","sticky":false,"template":"","format":"standard","meta":{"footnotes":""},"categories":[25],"tags":[],"class_list":{"0":"post-153","1":"post","2":"type-post","3":"status-publish","4":"format-standard","6":"category-c94-gruaja-dhe-familja"},"_links":{"self":[{"href":"https:\/\/shkollaislame.com\/index.php?rest_route=\/wp\/v2\/posts\/153","targetHints":{"allow":["GET"]}}],"collection":[{"href":"https:\/\/shkollaislame.com\/index.php?rest_route=\/wp\/v2\/posts"}],"about":[{"href":"https:\/\/shkollaislame.com\/index.php?rest_route=\/wp\/v2\/types\/post"}],"author":[{"embeddable":true,"href":"https:\/\/shkollaislame.com\/index.php?rest_route=\/wp\/v2\/users\/3"}],"replies":[{"embeddable":true,"href":"https:\/\/shkollaislame.com\/index.php?rest_route=%2Fwp%2Fv2%2Fcomments&post=153"}],"version-history":[{"count":0,"href":"https:\/\/shkollaislame.com\/index.php?rest_route=\/wp\/v2\/posts\/153\/revisions"}],"wp:attachment":[{"href":"https:\/\/shkollaislame.com\/index.php?rest_route=%2Fwp%2Fv2%2Fmedia&parent=153"}],"wp:term":[{"taxonomy":"category","embeddable":true,"href":"https:\/\/shkollaislame.com\/index.php?rest_route=%2Fwp%2Fv2%2Fcategories&post=153"},{"taxonomy":"post_tag","embeddable":true,"href":"https:\/\/shkollaislame.com\/index.php?rest_route=%2Fwp%2Fv2%2Ftags&post=153"}],"curies":[{"name":"wp","href":"https:\/\/api.w.org\/{rel}","templated":true}]}}