{"id":227,"date":"2014-04-23T07:43:54","date_gmt":"2014-04-23T07:43:54","guid":{"rendered":"http:\/\/shkollaislame.com\/SHKIWP\/index.php\/2014\/04\/23\/i-riu-gjerman-qe-e-pranoi-islamin\/"},"modified":"2014-04-23T07:43:54","modified_gmt":"2014-04-23T07:43:54","slug":"i-riu-gjerman-qe-e-pranoi-islamin","status":"publish","type":"post","link":"https:\/\/shkollaislame.com\/?p=227","title":{"rendered":"I RIU GJERMAN Q\u00cb E PRANOI ISLAMIN!!"},"content":{"rendered":"<p align=\"center\" style=\"line-height: 150%; text-align: justify;\"><span style=\"font-size: 16px; font-family: Cambria, serif; line-height: 150%; text-align: justify;\">Nj\u00eb i ri musliman vendosi t\u00eb studion jasht\u00eb shtetit t\u00eb tij, dhe si vend p\u00ebr studimet e tija t\u00eb ardhshme e zgjodhi Gjermanin\u00eb. Pasi q\u00eb arrin n\u00eb Gjermani, vendoset me nj\u00eb ban\u00ebs ku si komshi e kishte nj\u00eb t\u00eb ri gjerman. Lidhja mes tyre ishte vet\u00ebm se lidhje komshiu. Pas nj\u00eb periudhe, i riu gjerman udh\u00ebton papritmas, kurse, shp\u00ebrndar\u00ebsi i gazetave p\u00ebr \u00e7do dit\u00eb ia vendoste gazet\u00ebn para der\u00ebs s\u00eb tij. I riu musliman, kur e v\u00ebrejti se gazetat shtohen p\u00ebr \u00e7do dit\u00eb para der\u00ebs s\u00eb komshiut t\u00eb tij, u interesua p\u00ebr t\u00eb dhe u lajm\u00ebrua se ai kishte udh\u00ebtuar!<\/span><\/p>\n<p align=\"center\" style=\"line-height: 150%; text-align: justify;\"><span style=\"font-size: 16px; font-family: Cambria, serif; line-height: 150%; text-align: justify;\"> <!--more--> <\/span><\/p>\n<p style=\"text-align: justify; line-height: 150%;\"><span style=\"font-size: 12pt; line-height: 150%; font-family: Cambria, serif; background-color: white;\">I mori gazetat dhe i palosi n\u00eb nj\u00eb raft t\u00eb posa\u00e7\u00ebm. P\u00ebr \u00e7do dit\u00eb e merrte gazet\u00ebn dhe e paloste n\u00eb raft dhe i tubonte n\u00eb nj\u00eb vend. Kur u kthye komshiu i tij pas dy apo tre muajve, i riu musliman, e p\u00ebrsh\u00ebndeti dhe e p\u00ebrg\u00ebzoi p\u00ebr arritjen e tij me sh\u00ebndet t\u00eb mir\u00eb, dhe ia dor\u00ebzoi t\u00eb gjitha gazetat e tubuara, dhe i tha: U frikova se je duke e p\u00ebrcjell\u00eb ndonj\u00eb artikull.. apo merr pjes\u00eb n\u00eb ndonj\u00eb kuiz.. dhe doja q\u00eb t\u00eb mos humb asgj\u00eb nga ajo! <\/span><\/p>\n<p style=\"text-align: justify; line-height: 150%;\"><span style=\"font-size: 12pt; line-height: 150%; font-family: Cambria, serif; background-color: white;\">I riu gjerman filloi ta shikon habitsh\u00ebm dhe t\u00eb \u00e7uditet me p\u00ebrkujdesjen e tij, dhe i tha: A don\u00eb shp\u00ebrblim apo ndonj\u00eb sh\u00ebrbim p\u00ebr k\u00ebt\u00eb vep\u00ebr q\u00eb e b\u00ebre?!<\/span><\/p>\n<p style=\"text-align: justify; line-height: 150%;\"><span style=\"font-size: 12pt; line-height: 150%; font-family: Cambria, serif; background-color: white;\">I riu musliman iu p\u00ebrgjigj: Jo.. por feja jon\u00eb na urdh\u00ebron n\u00eb mir\u00ebsi ndaj komshiut, dhe ti je komshiu im, dhe un\u00eb e kam patjet\u00ebr t\u00eb t\u00eb b\u00ebj mir\u00eb!<\/span><\/p>\n<p style=\"text-align: justify; line-height: 150%;\"><span style=\"font-size: 12pt; line-height: 150%; font-family: Cambria, serif; background-color: white;\">Ky i ri musliman, e vazhdoi bamir\u00ebsin e tij ndaj komshiut t\u00eb vet edhe m\u00eb tutje, derisa i riu gjerman e pranoi Islamin dhe u b\u00eb musliman!!<\/span><\/p>\n<p style=\"text-align: justify; line-height: 150%;\"><span style=\"font-size: 12pt; line-height: 150%; font-family: Cambria, serif; background-color: white;\">E tha t\u00eb v\u00ebrtet\u00ebn Omer ib\u00ebn Abdulazizi, Allahu qoft\u00eb i k\u00ebnaqur me t\u00eb, kur tha: \u201cB\u00ebhuni thirr\u00ebs t\u00eb fes\u00eb s\u00eb Allahut duke qen\u00eb t\u00eb heshtur! I than\u00eb: E si \u00ebsht\u00eb e mundshme kjo?! U p\u00ebrgjigj: Me moralin dhe sjelljen e juaj!!\u201d. <\/span><\/p>\n<p style=\"text-align: justify; line-height: 150%;\"><span style=\"font-size: 12pt; line-height: 150%; font-family: Cambria, serif; background-color: white;\">Nga arabishtja: Irfan <b>JAHIU<\/b><\/span><\/p>\n<p style=\"text-align: justify; line-height: 150%;\"><span style=\"font-size: 12pt; line-height: 150%; font-family: Cambria, serif; background-color: white;\">&nbsp; &nbsp;&nbsp;<\/span><\/p>\n<p style=\"text-align: justify; line-height: 150%;\"><span class=\"textexposedshow\"><span style=\"font-size: 12pt; line-height: 150%; font-family: Cambria, serif; background-color: white;\">.<\/span><\/span><span style=\"font-size: 12pt; line-height: 150%; font-family: Cambria, serif; background-color: white;\"><\/p>\n<p> <\/span><span class=\"textexposedshow\"><span style=\"font-size: 12pt; line-height: 150%; font-family: Cambria, serif; background-color: white;\">.<\/span><\/span><span style=\"font-size: 12pt; line-height: 150%; font-family: Cambria, serif;\"><\/span><\/p>\n","protected":false},"excerpt":{"rendered":"<p>Nj\u00eb i ri musliman vendosi t\u00eb studion jasht\u00eb shtetit t\u00eb tij, dhe si vend p\u00ebr studimet e tija t\u00eb ardhshme e zgjodhi Gjermanin\u00eb. Pasi q\u00eb arrin n\u00eb Gjermani, vendoset me nj\u00eb ban\u00ebs ku si komshi e kishte nj\u00eb t\u00eb ri gjerman. Lidhja mes tyre ishte vet\u00ebm se lidhje komshiu. Pas nj\u00eb periudhe, i riu gjerman [&hellip;]<\/p>\n","protected":false},"author":3,"featured_media":0,"comment_status":"open","ping_status":"open","sticky":false,"template":"","format":"standard","meta":{"footnotes":""},"categories":[6],"tags":[],"class_list":{"0":"post-227","1":"post","2":"type-post","3":"status-publish","4":"format-standard","6":"category-c96-davet"},"_links":{"self":[{"href":"https:\/\/shkollaislame.com\/index.php?rest_route=\/wp\/v2\/posts\/227","targetHints":{"allow":["GET"]}}],"collection":[{"href":"https:\/\/shkollaislame.com\/index.php?rest_route=\/wp\/v2\/posts"}],"about":[{"href":"https:\/\/shkollaislame.com\/index.php?rest_route=\/wp\/v2\/types\/post"}],"author":[{"embeddable":true,"href":"https:\/\/shkollaislame.com\/index.php?rest_route=\/wp\/v2\/users\/3"}],"replies":[{"embeddable":true,"href":"https:\/\/shkollaislame.com\/index.php?rest_route=%2Fwp%2Fv2%2Fcomments&post=227"}],"version-history":[{"count":0,"href":"https:\/\/shkollaislame.com\/index.php?rest_route=\/wp\/v2\/posts\/227\/revisions"}],"wp:attachment":[{"href":"https:\/\/shkollaislame.com\/index.php?rest_route=%2Fwp%2Fv2%2Fmedia&parent=227"}],"wp:term":[{"taxonomy":"category","embeddable":true,"href":"https:\/\/shkollaislame.com\/index.php?rest_route=%2Fwp%2Fv2%2Fcategories&post=227"},{"taxonomy":"post_tag","embeddable":true,"href":"https:\/\/shkollaislame.com\/index.php?rest_route=%2Fwp%2Fv2%2Ftags&post=227"}],"curies":[{"name":"wp","href":"https:\/\/api.w.org\/{rel}","templated":true}]}}