{"id":273,"date":"2014-07-07T13:12:36","date_gmt":"2014-07-07T13:12:36","guid":{"rendered":"http:\/\/shkollaislame.com\/SHKIWP\/index.php\/2014\/07\/07\/nata-ku-ne-te-nuk-thirret-ezani-i-sabahut\/"},"modified":"2014-07-07T13:12:36","modified_gmt":"2014-07-07T13:12:36","slug":"nata-ku-ne-te-nuk-thirret-ezani-i-sabahut","status":"publish","type":"post","link":"https:\/\/shkollaislame.com\/?p=273","title":{"rendered":"NATA KU N\u00cb T\u00cb NUK THIRRET EZANI I SABAHUT!"},"content":{"rendered":"<p align=\"center\" style=\"line-height: 150%; text-align: justify;\"><span style=\"font-size: 16px; font-family: Cambria, serif; line-height: 150%; text-align: justify;\">A e di se kur \u00ebsht\u00eb ajo nat\u00eb ku n\u00eb t\u00eb nuk thirret ezani i sabahut?!<\/span><\/p>\n<p style=\"text-align: justify; line-height: 150%;\"><span style=\"font-size: 12pt; line-height: 150%; font-family: Cambria, serif; background-color: white;\">O biri i Ademit, p\u00ebrgatitu p\u00ebr at\u00eb nat\u00eb ku n\u00eb t\u00eb nuk thirret ezani p\u00ebr namazin e sabahut! At\u00eb nat\u00eb thirresh dhe t\u00eb thuhet:<\/span><\/p>\n<p style=\"text-align: justify; line-height: 150%;\"><span style=\"font-size: 12pt; line-height: 150%; font-family: Cambria, serif; background-color: white;\"> <!--more-->  <\/span><\/p>\n<p style=\"text-align: justify; line-height: 150%;\"><span style=\"font-size: 12pt; line-height: 150%; font-family: Cambria, serif; background-color: white;\">O biri i Ademit, ku e ke d\u00ebgjimin t\u00ebnd?! \u00c7far\u00eb t\u00eb b\u00ebri t\u00eb shurdh\u00ebr?! <\/span><\/p>\n<p style=\"text-align: justify; line-height: 150%;\"><span style=\"font-size: 12pt; line-height: 150%; font-family: Cambria, serif; background-color: white;\">Ku e ku e shikimin t\u00ebnd?! \u00c7far\u00eb t\u00eb verb\u00ebroi?!<\/span><\/p>\n<p style=\"text-align: justify; line-height: 150%;\"><span style=\"font-size: 12pt; line-height: 150%; font-family: Cambria, serif; background-color: white;\">Ku e ke gjuh\u00ebn t\u00ebnde?! \u00c7far\u00eb t\u00eb b\u00ebri memec?! <\/span><\/p>\n<p style=\"text-align: justify; line-height: 150%;\"><span style=\"font-size: 12pt; line-height: 150%; font-family: Cambria, serif; background-color: white;\">Ku \u00ebsht\u00eb era jote e mir\u00eb, pse u ndryshua?!<\/span><\/p>\n<p style=\"text-align: justify; line-height: 150%;\"><span style=\"font-size: 12pt; line-height: 150%; font-family: Cambria, serif; background-color: white;\">Ku e ke pasurin\u00eb?! \u00c7far\u00eb t\u00eb b\u00ebri t\u00eb varf\u00ebr?!<\/span><\/p>\n<p style=\"text-align: justify; line-height: 150%;\"><span style=\"font-size: 12pt; line-height: 150%; font-family: Cambria, serif; background-color: white;\">Kur do t\u00eb l\u00ebshohesh n\u00eb varr do t\u00eb thot\u00eb meleku: O i biri i Ademit, a ti e tubove dynjan\u00eb apo ajo ty t\u00eb tuboi?! O i biri i Ademit, a e braktise ti dynjan\u00eb apo ajo ty t\u00eb braktisi?! O i biri Ademit, a u p\u00ebrgatite p\u00ebr vdekjen apo ajo t\u00eb zuri papritmas?! <\/span><\/p>\n<p style=\"text-align: justify; line-height: 150%;\"><span style=\"font-size: 12pt; line-height: 150%; font-family: Cambria, serif; background-color: white;\">O biri i Ademit, erdhe n\u00eb dynja pa gjynahe dhe u ktheve n\u00eb tok\u00eb i st\u00ebrmbushur me m\u00ebkate!<\/span><\/p>\n<p style=\"text-align: justify; line-height: 150%;\"><span style=\"font-size: 12pt; line-height: 150%; font-family: Cambria, serif; background-color: white;\">Kur njer\u00ebzit largohen nga ti, dhe afrohet nata, dhe ajo \u00ebsht\u00eb nata e par\u00eb n\u00eb varr, ku m\u00ebngjesi i saj do t\u00eb jet\u00eb Dita e Kiametit, at\u00eb nat\u00eb nuk thirret m\u00eb ezani i sabahut. Myezini nuk do t\u00eb thot\u00eb m\u00eb: Ejani n\u00eb namaz! At\u00eb dit\u00eb m\u00eb s\u2019ka namaz. Adhurimet jan\u00eb kryer. Ai q\u00eb do t\u00eb th\u00ebrret at\u00eb dit\u00eb \u00ebsht\u00eb Israfili. I cili do t\u2019i fryn Surit dhe t\u00eb gjith\u00eb do t\u00eb ringjallen p\u00ebr llogari para Allahut!<\/span><\/p>\n<p style=\"text-align: justify; line-height: 150%;\"><span style=\"font-size: 12pt; line-height: 150%; font-family: Cambria, serif; background-color: white;\">Allahu thot\u00eb: <b>\u201c<\/b><\/span><b><span style=\"font-size: 12pt; line-height: 150%; font-family: Cambria, serif; background-color: white;\">dhe do t\u2019i fryhet Surit e do t\u2019i tubojm\u00eb, q\u00eb t\u00eb gjith\u00eb s\u00eb bashku\u201d.<\/span><\/b><span style=\"font-size: 12pt; line-height: 150%; font-family: Cambria, serif; background-color: white;\"> Kehf 99, dhe \u201c<b>dhe do t\u2019i tubojm\u00eb t\u00eb gjith\u00eb njer\u00ebzit, pa l\u00ebn\u00eb ask\u00ebnd prapa<\/b>\u201d. Kehf 47.<\/span><\/p>\n<p style=\"text-align: justify; line-height: 150%;\"><span style=\"font-size: 12pt; line-height: 150%; font-family: Cambria, serif; background-color: white;\">O biri i Ademit, kur t\u00eb vjen nata e par\u00eb n\u00eb varr do t\u00eb thuhet: T\u00eb dashurit e tu u kthyen dhe n\u00eb tok\u00eb t\u00eb lan, t\u00eb varros\u00ebn dhe po t\u00eb rrinin me ty s\u2019do t\u00eb b\u00ebnin fare dobi, dhe nuk t\u00eb mbeti askush p\u00ebrve\u00e7se Allahut, i Cili \u00ebsht\u00eb i Gjalli dhe kurr\u00eb nuk vdes!<\/span><\/p>\n<p style=\"text-align: justify; line-height: 150%;\"><span style=\"font-size: 12pt; line-height: 150%; font-family: Cambria, serif; background-color: white;\">O biri i Ademit, kush b\u00ebhet modest p\u00ebr hir t\u00eb Allahut, Allahu e ngrit, kurse kush b\u00ebhet mendjemadh, Allahu e ul dhe e n\u00ebn\u00e7mon!<\/span><\/p>\n<p style=\"text-align: justify; line-height: 150%;\"><span style=\"font-size: 12pt; line-height: 150%; font-family: Cambria, serif; background-color: white;\">O biri i Ademit, Allahun e adhurove dhe t\u00eb afroi, dhe gjynahe i b\u00ebre dhe t\u00eb dha nj\u00eb periudh\u00eb q\u00eb t\u00eb pendohesh, dhe po t\u00eb ktheheshe ka Allahu pas gjitha atyre m\u00ebkateve, do t\u00eb falte dhe m\u00ebshironte! <\/span><\/p>\n<p style=\"text-align: justify; line-height: 150%;\"><span style=\"font-size: 12pt; line-height: 150%; font-family: Cambria, serif; background-color: white;\">Nga arabishtja: Irfan <b>JAHIU<\/b><\/span><\/p>\n<p style=\"text-align: justify; line-height: 150%;\"><span style=\"font-size: 12pt; line-height: 150%; font-family: Cambria, serif; background-color: white;\">&nbsp;<\/span><\/p>\n<p style=\"text-align: justify; line-height: 150%;\"><span style=\"font-size: 12pt; line-height: 150%; font-family: Cambria, serif; background-color: white;\">&nbsp;<\/span><\/p>\n<p style=\"text-align: justify; line-height: 150%;\"><span style=\"font-size: 12pt; line-height: 150%; font-family: Cambria, serif; background-color: white;\">&nbsp;<\/span><\/p>\n<p style=\"text-align: justify; line-height: 150%;\"><span style=\"font-size: 12pt; line-height: 150%; font-family: Cambria, serif; background-color: white;\">&nbsp;<\/span><\/p>\n<p style=\"text-align: justify; line-height: 150%;\"><span style=\"font-size: 12pt; line-height: 150%; font-family: Cambria, serif; background-color: white;\">&nbsp;<\/span><\/p>\n<p style=\"text-align: justify; line-height: 150%;\"><span style=\"font-size: 12pt; line-height: 150%; font-family: Cambria, serif; background-color: white;\">&nbsp;<br \/> <span class=\"apple-converted-space\">&nbsp;<\/span><\/span><\/p>\n","protected":false},"excerpt":{"rendered":"<p>A e di se kur \u00ebsht\u00eb ajo nat\u00eb ku n\u00eb t\u00eb nuk thirret ezani i sabahut?! O biri i Ademit, p\u00ebrgatitu p\u00ebr at\u00eb nat\u00eb ku n\u00eb t\u00eb nuk thirret ezani p\u00ebr namazin e sabahut! At\u00eb nat\u00eb thirresh dhe t\u00eb thuhet:<\/p>\n","protected":false},"author":3,"featured_media":0,"comment_status":"open","ping_status":"open","sticky":false,"template":"","format":"standard","meta":{"footnotes":""},"categories":[5],"tags":[],"class_list":{"0":"post-273","1":"post","2":"type-post","3":"status-publish","4":"format-standard","6":"category-c95-ahlak"},"_links":{"self":[{"href":"https:\/\/shkollaislame.com\/index.php?rest_route=\/wp\/v2\/posts\/273","targetHints":{"allow":["GET"]}}],"collection":[{"href":"https:\/\/shkollaislame.com\/index.php?rest_route=\/wp\/v2\/posts"}],"about":[{"href":"https:\/\/shkollaislame.com\/index.php?rest_route=\/wp\/v2\/types\/post"}],"author":[{"embeddable":true,"href":"https:\/\/shkollaislame.com\/index.php?rest_route=\/wp\/v2\/users\/3"}],"replies":[{"embeddable":true,"href":"https:\/\/shkollaislame.com\/index.php?rest_route=%2Fwp%2Fv2%2Fcomments&post=273"}],"version-history":[{"count":0,"href":"https:\/\/shkollaislame.com\/index.php?rest_route=\/wp\/v2\/posts\/273\/revisions"}],"wp:attachment":[{"href":"https:\/\/shkollaislame.com\/index.php?rest_route=%2Fwp%2Fv2%2Fmedia&parent=273"}],"wp:term":[{"taxonomy":"category","embeddable":true,"href":"https:\/\/shkollaislame.com\/index.php?rest_route=%2Fwp%2Fv2%2Fcategories&post=273"},{"taxonomy":"post_tag","embeddable":true,"href":"https:\/\/shkollaislame.com\/index.php?rest_route=%2Fwp%2Fv2%2Ftags&post=273"}],"curies":[{"name":"wp","href":"https:\/\/api.w.org\/{rel}","templated":true}]}}