{"id":287,"date":"2014-07-23T13:14:51","date_gmt":"2014-07-23T13:14:51","guid":{"rendered":"http:\/\/shkollaislame.com\/SHKIWP\/index.php\/2014\/07\/23\/cka-i-ben-dhe-cka-nuk-i-ben-dobi-te-vdekurit-2\/"},"modified":"2014-07-23T13:14:51","modified_gmt":"2014-07-23T13:14:51","slug":"cka-i-ben-dhe-cka-nuk-i-ben-dobi-te-vdekurit-2","status":"publish","type":"post","link":"https:\/\/shkollaislame.com\/?p=287","title":{"rendered":"\u00c7KA I B\u00cbN DHE \u00c7KA NUK I B\u00cbN DOBI T\u00cb VDEKURIT (2)"},"content":{"rendered":"<p align=\"center\" dir=\"LTR\" style=\"direction: ltr; unicode-bidi: embed; text-align: justify;\"><span style=\"font-size: 16px; font-family: Cambria, serif; line-height: 115%; text-align: justify;\">N\u00eb shkrimin e kaluar e cek\u00ebm se i vdekuri mundet t\u00eb p\u00ebrfiton edhe pas vdekjes s\u00eb tij dhe p\u00ebr k\u00ebt\u00eb d\u00ebshmojn\u00eb Allahu dhe i D\u00ebrguari i Tij. Veprat q\u00eb mundet t\u00eb p\u00ebrfiton i vdekuri jan\u00eb t\u00eb shumta dhe t\u00eb llojllojshme dhe ato vijn\u00eb si rezultat i veprave t\u00eb tij dhe gjurm\u00ebve t\u00eb k\u00ebtyre veprave q\u00eb i ka punuar duke qen\u00eb i gjall\u00eb dhe poashtu mundet t&#8217;i vijn\u00eb edhe prej t\u00eb tjer\u00ebve t\u00eb cil\u00ebt d\u00ebshirojn\u00eb t&#8217;i b\u00ebjn\u00eb mir\u00eb v\u00ebllait t\u00eb tyre musliman.<\/span><\/p>\n<p align=\"center\" dir=\"LTR\" style=\"direction: ltr; unicode-bidi: embed; text-align: justify;\"><span style=\"font-size: 16px; font-family: Cambria, serif; line-height: 115%; text-align: justify;\"> <!--more--> <\/span><\/p>\n<p dir=\"LTR\" style=\"text-align: justify; direction: ltr; unicode-bidi: embed;\"><span style=\"font-size: 12pt; line-height: 115%; font-family: Cambria, serif;\">Poashtu ka edhe vepra tjera p\u00ebr t\u00eb cilat njer\u00ebzit mendojn\u00eb se t\u00eb vdekurit munden t\u00eb p\u00ebrfitojn\u00eb nga to po n\u00eb fakt ato vepra bien n\u00eb kund\u00ebrshtim me parimet fetare dhe i vdekuri nuk p\u00ebrfiton asgj\u00eb nga to. Ato vepra jan\u00eb t\u00eb p\u00ebrhapura me t\u00eb madhe n\u00eb shoq\u00ebrit\u00eb tona dhe nga to ai q\u00eb p\u00ebrfiton nuk \u00ebsht\u00eb i vdekuri po jan\u00eb disa t\u00eb gjall\u00eb t\u00eb cil\u00ebt tentojn\u00eb q\u00eb n\u00ebp\u00ebrmjet veprimit t\u00eb k\u00ebtyre veprave t\u00eb arrijn\u00eb deri n\u00eb fitimin e di\u00e7kaje nga t\u00eb mirat materiale t\u00eb k\u00ebsaj dynjaje q\u00eb padyshim se Allahu n\u00eb to nuk do t\u00eb zbret bereqetin e Tij. <\/span><\/p>\n<p dir=\"LTR\" style=\"text-align: justify; direction: ltr; unicode-bidi: embed;\"><span style=\"font-size: 12pt; line-height: 115%; font-family: Cambria, serif;\">Cilat jan\u00eb veprat q\u00eb t\u00eb vdekurit nuk i b\u00ebjn\u00eb dobi pas vdekjes s\u00eb tij?<\/span><\/p>\n<p dir=\"LTR\" style=\"text-align: justify; direction: ltr; unicode-bidi: embed;\"><i><span style=\"font-size: 12pt; line-height: 115%; font-family: Cambria, serif;\">&#8211; Mbjellja e luleve apo drunjve dhe flet\u00ebve t\u00eb pallmave mbi varre.<\/span><\/i><\/p>\n<p dir=\"LTR\" style=\"text-align: justify; direction: ltr; unicode-bidi: embed;\"><span style=\"font-size: 12pt; line-height: 115%; font-family: Cambria, serif;\">Dijetari i njohur dhe myftiu i m\u00ebhersh\u00ebm i Arabis\u00eb Saudite, Abdulaziz ib\u00ebn Bazi, <i>Allahu e m\u00ebshiroft\u00eb<\/i>, thot\u00eb: &#8220;Nuk ligj\u00ebsohet mbjellja e luleve apo pem\u00ebve dhe gj\u00ebrave tjera mbi varre p\u00ebr arsye se k\u00ebt\u00eb asnj\u00ebher\u00eb nuk e ka vepruar i D\u00ebrguari i Allahut, <i>alejhi salatu ue selam<\/i>, dhe halif\u00ebt e drejt\u00eb&#8221;. <\/span><\/p>\n<p dir=\"LTR\" style=\"text-align: justify; direction: ltr; unicode-bidi: embed;\"><span style=\"font-size: 12pt; line-height: 115%; font-family: Cambria, serif;\">Kurse at\u00eb q\u00eb e veproi i D\u00ebrguari i Allahut, <i>alejhi salatu ue selam<\/i>, me dy t\u00eb vdekurit q\u00eb Allahu ia mund\u00ebsoi t&#8217;i d\u00ebgjon d\u00ebnimet e tyre n\u00eb varr dhe mbi varret e tyre v\u00ebndoi fleta t\u00eb pallmave me q\u00ebllim q\u00eb Allahu t&#8217;ua leht\u00ebson atyre d\u00ebnimin, kjo \u00ebsht\u00eb e ve\u00e7ant\u00eb p\u00ebr t\u00eb. Nuk ka ardhur asnj\u00eb transmetim tjet\u00ebr se i D\u00ebrguari i Allahut, <i>alejhi salatu ue selam<\/i>, e ka vepruar t\u00eb nj\u00ebjt\u00ebn m\u00eb von\u00eb me ndok\u00ebnd tjet\u00ebr dhe musliman\u00ebve nuk u takon q\u00eb t\u00eb shpikin adhurime q\u00eb nuk i ligj\u00ebsoi Allahu i Madh\u00ebruar. Shiko: &#8220;Fetava Islamije&#8221; 2\/52, dhe &#8220;Dispozitat e xhenazeve&#8221; f. 253. Shejh Albani. <\/span><\/p>\n<p dir=\"LTR\" style=\"text-align: justify; direction: ltr; unicode-bidi: embed;\"><i><span style=\"font-size: 12pt; line-height: 115%; font-family: Cambria, serif;\">&#8211; Thirrja e ezanit tek varri.<\/span><\/i><\/p>\n<p dir=\"LTR\" style=\"text-align: justify; direction: ltr; unicode-bidi: embed;\"><span style=\"font-size: 12pt; line-height: 115%; font-family: Cambria, serif;\">Dijetari Abdurrahman ib\u00ebn Hasen, <i>Allahu e m\u00ebshiroft\u00eb<\/i>, thot\u00eb: &#8220;Thirrja e ezanit tek varri \u00ebsht\u00eb nj\u00eb risi q\u00eb nuk pranohet n\u00eb fen\u00eb e Allahut dhe q\u00eb nuk e ka ligj\u00ebsuar Allahu dhe q\u00eb nuk e ka vepruar asnj\u00ebri nga ata q\u00eb e meritojn\u00eb t\u00eb ndjeket rruga e tyre&#8221;. Shiko: &#8220;Durer Sunije&#8221; 5\/142.<\/span><\/p>\n<p dir=\"LTR\" style=\"text-align: justify; direction: ltr; unicode-bidi: embed;\"><i><span style=\"font-size: 12pt; line-height: 115%; font-family: Cambria, serif;\">&#8211; T\u00eb m\u00ebshuarit e fytyr\u00ebs me shuplak\u00eb dhe grisja e rrobave.&nbsp; <\/span><\/i><\/p>\n<p dir=\"LTR\" style=\"text-align: justify; direction: ltr; unicode-bidi: embed;\"><span style=\"font-size: 12pt; line-height: 115%; font-family: Cambria, serif;\">I D\u00ebrguari i Allahut, <i>alejhi salatu ue selam<\/i>, thot\u00eb: &#8220;<i>Ai i cili rreh faqet e veta, q\u00eb gris rrobat dhe q\u00eb k\u00ebrkon e ndjek rrug\u00ebt e sjelljet e Xhahilijetit (padijes para Islame), nj\u00eb i till\u00eb nuk \u00ebsht\u00eb prej nesh&#8221;.<\/i> (Buhariu). <\/span><\/p>\n<p dir=\"LTR\" style=\"text-align: justify; direction: ltr; unicode-bidi: embed;\"><span style=\"font-size: 12pt; line-height: 115%; font-family: Cambria, serif;\">Ebu Musa, <i>Allahu qoft\u00eb i k\u00ebnaqur nga ai<\/i>, tregon se ai u s\u00ebmur r\u00ebnd\u00eb, humbi ndjenjat dhe nuk mundi t&#8217;i p\u00ebrgjigjej as gruas s\u00eb tij kur kishte v\u00ebn\u00eb kok\u00ebn n\u00eb prehrin e saj. Kur erdhi n\u00eb vete tha: &#8220;Un\u00eb jam larg dhe i lir\u00eb prej atyre q\u00eb ishte larg dhe i lir\u00eb edhe i D\u00ebrguari i Allahut, <i>alejhi salatu ue selam<\/i>. Dhe v\u00ebrtet se i D\u00ebrguari i Allahut, <i>alejhi salatu ue selam<\/i>, \u00ebsht\u00eb i pafajsh\u00ebm ndaj nj\u00eb gruaje q\u00eb qan me z\u00eb e vajton (apo q\u00eb rreh fytyr\u00ebn), ndaj asaj q\u00eb rruan kok\u00ebn dhe ndaj asaj q\u00eb shqyen rrobat (kur i bie fatkeq\u00ebsi)&#8221;. (Buhariu).<\/span><\/p>\n<p dir=\"LTR\" style=\"text-align: justify; direction: ltr; unicode-bidi: embed;\"><span style=\"font-size: 12pt; line-height: 115%; font-family: Cambria, serif;\">Aishja, <i>Allahu qoft\u00eb i k\u00ebnaqur nga ajo<\/i>, tregon: &#8220;Kur Pejgamberit, <i>alejhi salatu ue selam,<\/i> i erdhi lajmi p\u00ebr vrasjen e Ib\u00ebn Harithas, Xhaferit dhe Ib\u00ebn Revahas, ai, <i>alejhi salatu ue selam<\/i>, u ul dhe rrinte i d\u00ebshp\u00ebruar, nd\u00ebrsa un\u00eb e v\u00ebshtroja nga e \u00e7ara e der\u00ebs. Erdhi nj\u00eb burr\u00eb dhe i tha se grat\u00eb e Xhaferit po qanin (ul\u00ebrinin). Pejgamberi, <i>alejhi salatu ue selam<\/i>, e urdh\u00ebroi at\u00eb q\u00eb t&#8217;i ndalonte. Burri shkoi dhe u kthye duke th\u00ebn\u00eb se ai u kishte th\u00ebn\u00eb atyre t\u00eb pushonin, por ato nuk e d\u00ebgjonin. Pejgamberi, <i>alejhi salatu ue selam<\/i>, tha<i>: &#8220;Ndaloji ato<\/i>!&#8221; K\u00ebshtu, ai shkoi p\u00ebrs\u00ebri dhe prap\u00eb u kthye p\u00ebr her\u00eb t\u00eb tret\u00eb dhe tha: &#8220;O i D\u00ebrguari i Allahut! P\u00ebr Allah! Ata nuk na d\u00ebgjojn\u00eb m\u00eb fare (nuk kemi fuqi mbi to p\u00ebr t&#8217;i ndaluar).&#8221; (Aishja) shtoi: &#8220;I D\u00ebrguari i Allahut, <i>alejhi salatu ue selam<\/i>, e urdh\u00ebroi q\u00eb t\u00eb shkonte dhe t&#8217;ua mbushte goj\u00ebn atyre me dhe&#8221;. (Buhariu).<\/span><\/p>\n<p dir=\"LTR\" style=\"text-align: justify; direction: ltr; unicode-bidi: embed;\"><span style=\"font-size: 12pt; line-height: 115%; font-family: Cambria, serif;\">N\u00eb disa&nbsp; shoq\u00ebri ku jetojn\u00eb musliman\u00ebt ka gra t\u00eb posa\u00e7me t\u00eb cilat shkojn\u00eb edhe i vajtojn\u00eb t\u00eb vdekurit me t\u00eb holla dhe k\u00ebshtu i nxisin edhe an\u00ebtar\u00ebt e tjer\u00eb t\u00eb familjes q\u00eb ta vajtojn\u00eb t\u00eb vdekurin duke menduar se me k\u00ebt\u00eb i b\u00ebjn\u00eb mir\u00eb e n\u00eb fakt vet\u00ebm se i b\u00ebjn\u00eb d\u00ebm dhe i vdekuri nuk p\u00ebrfiton asgj\u00eb prej k\u00ebsaj vepreje. <\/span><\/p>\n<p dir=\"LTR\" style=\"text-align: justify; direction: ltr; unicode-bidi: embed;\"><span style=\"font-size: 12pt; line-height: 115%; font-family: Cambria, serif;\">Pejgamberi, <i>alejhi salatu ue selam<\/i>, thot\u00eb: <i>&#8220;Ai i vdekur p\u00ebr t\u00eb cilin vajtohet, ai nd\u00ebshkohet p\u00ebr k\u00ebt\u00eb t\u00eb vajtuar p\u00ebr t\u00eb&#8221;.<\/i> (Buhariu).<\/span><\/p>\n<p dir=\"LTR\" style=\"text-align: justify; direction: ltr; unicode-bidi: embed;\"><span style=\"font-size: 12pt; line-height: 115%; font-family: Cambria, serif;\">Pejgamberi, <i>alejhi salatu ue selam<\/i>, thot\u00eb<\/span><b><span style=\"font-size: 12pt; line-height: 115%; font-family: Cambria, serif; background-color: white;\">: <\/span><\/b><i><span style=\"font-size: 12pt; line-height: 115%; font-family: Cambria, serif; background-color: white;\">&#8220;Vajtuesja n\u00ebse nuk pendohet para vdekjes, n\u00eb Dit\u00ebn e Gjykimit do t\u00eb ket\u00eb rroba&nbsp; prej katranit dhe k\u00ebmish\u00eb prej xherebit<span class=\"apple-converted-space\">&nbsp;<\/span>(s\u00ebmundje e cila e kap trupin dhe e l\u00eb me pasoja)&#8221;.<\/span><\/i><span style=\"font-size: 12pt; line-height: 115%; font-family: Cambria, serif; background-color: white;\"> (Muslimi). <\/span><span style=\"font-size: 12pt; line-height: 115%; font-family: Cambria, serif;\"><\/span><\/p>\n<p dir=\"LTR\" style=\"text-align: justify; direction: ltr; unicode-bidi: embed;\"><span style=\"font-size: 12pt; line-height: 115%; font-family: Cambria, serif;\">Ib\u00ebn Kajimi, <i>Allahu e m\u00ebshiroft\u00eb<\/i>, thot\u00eb. &#8220;Prej udh\u00ebzimit t\u00eb D\u00ebrguarit t\u00eb Allahut, <i>alejhi salatu ue selam<\/i>, ka qen\u00eb qet\u00ebsia gjat\u00eb sprovave dhe fatkeq\u00ebsive dhe k\u00ebnaq\u00ebsia me caktimin e Allahut, fal\u00ebnderimi i Allahu dhe th\u00ebnia IN&#8217;NA LIL-LAHI UE IN&#8217;NA ILEJHI RAXHIUN (Ne jemi t\u00eb Allahut dhe tek Allahu \u00ebsht\u00eb kthimi i jon\u00eb). Ai, <i>alejhi salatu ue selam,<\/i> \u00ebsht\u00eb distancuar nga ajo q\u00eb i gris rrobat e saja kur e godet fatkeq\u00ebsia, apo e ngrit z\u00ebrin duke b\u00ebrtitur, apo e rruan kok\u00ebn&#8221;. Shiko: &#8220;Zadul Mead&#8221; 1\/527.<\/span><\/p>\n<p dir=\"LTR\" style=\"text-align: justify; direction: ltr; unicode-bidi: embed;\"><i><span style=\"font-size: 12pt; line-height: 115%; font-family: Cambria, serif;\">&#8211; Th\u00ebnia e &#8220;tallk\u00ebnit&#8221; dhe leximi i Kuranit tek varri. <\/span><\/i><\/p>\n<p dir=\"LTR\" style=\"text-align: justify; direction: ltr; unicode-bidi: embed;\"><span style=\"font-size: 12pt; line-height: 115%; font-family: Cambria, serif;\">&#8220;Tallk\u00ebn&#8221; rrjedh nga fjala arabe Et Telkin q\u00eb do t\u00eb thot\u00eb rikujtimi i dy d\u00ebshmive t\u00eb vdekurit pasi q\u00eb t\u00eb varroset dhe poashtu rikujtimi i tij p\u00ebr p\u00ebrgjigjet q\u00eb duhet t&#8217;i p\u00ebrgjigjet i vdekuri melek\u00ebve kur t\u00eb vijn\u00eb dhe ta pyesin se: Kush \u00ebsht\u00eb Zoti yt, kush \u00ebsht\u00eb i D\u00ebrguari yt dhe cila \u00ebsht\u00eb Feja jote. Shiko: &#8220;Durer Sunije&#8221; 5\/86 dhe &#8220;Reudal Murbi&#8221; 3\/123.&nbsp; <\/span><\/p>\n<p dir=\"LTR\" style=\"text-align: justify; direction: ltr; unicode-bidi: embed;\"><span style=\"font-size: 12pt; line-height: 115%; font-family: Cambria, serif;\">Ib\u00ebn Kajimi, <i>Allahu e m\u00ebshiroft\u00eb<\/i>, thot\u00eb: &#8220;Prej udh\u00ebzimit t\u00eb D\u00ebrguarit t\u00eb Allahut, <i>alejhi salatu ue selam<\/i>, nuk ka qen\u00eb ulja tek varri i t\u00eb vdekurit p\u00ebr t\u00eb lexuar Kuran, dhe asnj\u00ebher\u00eb nuk ia ka lexuar &#8220;tallk\u00ebnin&#8221; t\u00eb vdekurit ashtu si\u00e7 veprojn\u00eb njer\u00ebzit sot kurse hadithi t\u00eb cilin e p\u00ebrcjell imam Taberaniu, <i>Allahu e m\u00ebshiroft\u00eb<\/i>, nga Ebu Umameh, <i>Allahu qoft\u00eb i k\u00ebnaqur nga ai,<\/i> \u00ebsht\u00eb i dob\u00ebt dhe nuk merret si argument. Poashtu prej udh\u00ebzimit t\u00eb tij, <i>alejhi salatu ue selam<\/i>, nuk ka qen\u00eb q\u00eb t\u00eb mblidhen dhe t\u00eb han ushqim dhe t&#8217;i lexohet nga Kurani t\u00eb vdekurit, as te varri i t\u00eb vdekurit e as m\u00eb von\u00eb, dhe kjo e t\u00ebra \u00ebsht\u00eb prej risive q\u00eb nuk ka zbritur Allahu ligje p\u00ebr to&#8221;.&nbsp; Shiko: &#8220;Zadul Mead&#8221; 1\/523-527.<\/span><\/p>\n<p dir=\"LTR\" style=\"text-align: justify; direction: ltr; unicode-bidi: embed;\"><i><span style=\"font-size: 12pt; line-height: 115%; font-family: Cambria, serif;\">&#8211; Leximi i Fatihas dhe Suretul Ihlas dhe sureve tjera tek varri<\/span><\/i><span style=\"font-size: 12pt; line-height: 115%; font-family: Cambria, serif;\">. <\/span><\/p>\n<p dir=\"LTR\" style=\"text-align: justify; direction: ltr; unicode-bidi: embed;\"><span style=\"font-size: 12pt; line-height: 115%; font-family: Cambria, serif;\">Leximi i Fatihas p\u00ebr t\u00eb vdekurit dhe Jasinit tek varret dhe leximi i Kul Huve Allahu Ehad nj\u00ebmb\u00ebdhjet\u00eb her\u00eb \u00ebsht\u00eb prej risive n\u00eb fe p\u00ebr t\u00eb cilat Allahu nuk ka zbritur asnj\u00eb&nbsp; ligj. Shiko: &#8220;Dispozitat e xhenazes&#8221; f. 325. Shejh Albani. <\/span><\/p>\n<p dir=\"LTR\" style=\"text-align: justify; direction: ltr; unicode-bidi: embed;\"><span style=\"font-size: 12pt; line-height: 115%; font-family: Cambria, serif;\">Dijetari Muhamed Salih el Uthejmin, <i>Allahu e m\u00ebshiroft\u00eb<\/i>, thot\u00eb: &#8220;P\u00ebr leximin e Fatihas p\u00ebr t\u00eb vdekurit nuk di se ka argument prej Synetit dhe p\u00ebr k\u00ebt\u00eb arsye ajo nuk i lexohet. Baza n\u00eb adhurime \u00ebsht\u00eb ndalesa derisa t\u00eb vij\u00eb argumenti q\u00eb e konfirmon t\u00eb kund\u00ebrt\u00ebn dhe se ajo \u00ebsht\u00eb prej ligjeve t\u00eb Allahut t\u00eb Madh\u00ebruar&#8221;. Shiko: &#8220;Fetava Islamije&#8221; 2\/52.<\/span><\/p>\n<p dir=\"LTR\" style=\"text-align: justify; direction: ltr; unicode-bidi: embed;\"><i><span style=\"font-size: 12pt; line-height: 115%; font-family: Cambria, serif;\">&#8211; L\u00ebnia e Mus&#8217;hafit tek varrezat p\u00ebr t&#8217;iu lexuar t\u00eb vdekurit<\/span><\/i><span style=\"font-size: 12pt; line-height: 115%; font-family: Cambria, serif;\">. <\/span><\/p>\n<p dir=\"LTR\" style=\"text-align: justify; direction: ltr; unicode-bidi: embed;\"><span style=\"font-size: 12pt; line-height: 115%; font-family: Cambria, serif;\">Ib\u00ebn Tejmije, <i>Allahu e m\u00ebshiroft\u00eb<\/i>, thot\u00eb: &#8220;L\u00ebnia e Mus&#8217;hafit tek varrezat me q\u00ebllim leximi p\u00ebr t\u00eb vdekurit tek varret \u00ebsht\u00eb nj\u00eb risi n\u00eb fe t\u00eb cil\u00ebn nuk e kan\u00eb vepruar asnj\u00eb prej t\u00eb par\u00ebve tan\u00eb&#8221;.&nbsp; Shiko: &#8220;Mexhmua el Fetava&#8221; 24\/301. <\/span><\/p>\n<p dir=\"LTR\" style=\"text-align: justify; direction: ltr; unicode-bidi: embed;\"><span style=\"font-size: 12pt; line-height: 115%; font-family: Cambria, serif;\">&#8211; <i>L\u00ebnia e vak\u00ebfit p\u00ebr lexim t\u00eb Kuranit, faljen e namazeve vullnetare, b\u00ebrjen e dhikrit me q\u00ebllim q\u00eb shp\u00ebrblimet t&#8217;i shkojn\u00eb t\u00eb vdekurit.<\/i>&nbsp; <\/span><\/p>\n<p dir=\"LTR\" style=\"text-align: justify; direction: ltr; unicode-bidi: embed;\"><span style=\"font-size: 12pt; line-height: 115%; font-family: Cambria, serif;\">Shejh Albani, <i>Allahu e m\u00ebshiroft\u00eb<\/i>, thot\u00eb: &#8220;Prej risive n\u00eb fe \u00ebsht\u00eb l\u00ebnia e vak\u00ebfit e sidomos t\u00eb hollave nga ana e t\u00eb vdekurit p\u00ebr t\u00eb lexuar Kuran apo p\u00ebr t\u00eb falur namaze vullnetare apo p\u00ebr t\u00eb b\u00ebr\u00eb dhik\u00ebr apo p\u00ebr t&#8217;i d\u00ebrguar salavate t\u00eb D\u00ebrguarit t\u00eb Allahut, <i>alejhi salatu ue selam<\/i>, dhe p\u00ebr t&#8217;ia dhuruar shp\u00ebrblimet shpirtit t\u00eb atij q\u00eb e ka l\u00ebn\u00eb vak\u00ebfin apo shpirtit t\u00eb atij q\u00eb e viziton t\u00eb vdekurin tek varrezat&#8221;. &nbsp;Shiko: &#8220;Dispozitat e xhenazeve&#8221;. F. 321. Shejh Albani. <\/span><\/p>\n<p dir=\"LTR\" style=\"text-align: justify; direction: ltr; unicode-bidi: embed;\"><i><span style=\"font-size: 12pt; line-height: 115%; font-family: Cambria, serif;\">&#8211; B\u00ebrja e hatmeve p\u00ebr t\u00eb vdekurit dhe mbledhja e njer\u00ebzve n\u00eb nj\u00eb vend p\u00ebr t\u00eb lexuar Kuran p\u00ebr t\u00eb vdekurit.<\/span><\/i><\/p>\n<p dir=\"LTR\" style=\"text-align: justify; direction: ltr; unicode-bidi: embed;\"><span style=\"font-size: 12pt; line-height: 115%; font-family: Cambria, serif;\">B\u00ebrja e hatmeve, vep\u00ebr e cila \u00ebsht\u00eb e shp\u00ebrndar\u00eb shum\u00eb n\u00ebp\u00ebr shoq\u00ebrit\u00eb tona \u00ebsht\u00eb nj\u00eb vep\u00ebr nga e cila nuk p\u00ebrfiton i vdekuri po p\u00ebrfiton vet\u00ebm se ai q\u00eb e lexon edhe at\u00eb jo n\u00eb shp\u00ebrblime po n\u00eb t\u00eb holla. <\/span><\/p>\n<p dir=\"LTR\" style=\"text-align: justify; direction: ltr; unicode-bidi: embed;\"><span style=\"font-size: 12pt; line-height: 115%; font-family: Cambria, serif;\">Ib\u00ebn Tejmije, <i>Allahu e m\u00ebshiroft\u00eb<\/i>, thot\u00eb: &#8220;Marrja e njer\u00ebzve me qira p\u00ebr t\u00eb lexuar Kuran dhe p\u00ebr t&#8217;ia dhuruar t\u00eb vdekurit shp\u00ebrblimet nuk \u00ebsht\u00eb prej ligjeve t\u00eb Allahut dhe si vep\u00ebr nuk e ka p\u00eblqyer asnj\u00eb prej ulemave. N\u00ebse i jep sadaka p\u00ebr t\u00eb vdekurin &nbsp;lexuesit t\u00eb Kuranit &nbsp;kjo pranohet dhe i b\u00ebn dobi t\u00eb vdekurit p\u00ebr arsye se kjo \u00ebsht\u00eb l\u00ebmosh\u00eb dhe t\u00eb gjith\u00eb musliman\u00ebt jan\u00eb unik se l\u00ebmosha i shkon t\u00eb vdekurit&#8221;. Shiko: &#8220;Mexhmua el Fetava&#8221; 24\/300- 316.<\/span><\/p>\n<p dir=\"LTR\" style=\"text-align: justify; direction: ltr; unicode-bidi: embed;\"><span style=\"font-size: 12pt; line-height: 115%; font-family: Cambria, serif;\">Dijetari Muhamed Salih el Uthejmin, <i>Allahu e m\u00ebshiroft\u00eb<\/i>, thot\u00eb: &#8220;Tubimi i njer\u00ebzve n\u00ebp\u00ebr sht\u00ebpi p\u00ebr t&#8217;i lexuar Kuran t\u00eb vdekurit nuk ka baz\u00eb n\u00eb fe dhe nuk e ka vepruar asnj\u00ebri prej t\u00eb par\u00ebve tan\u00eb Allahu qoft\u00eb i k\u00ebnaqur nga ata. Tubimi tek familja e t\u00eb vdekurit dhe leximi i Kuranit dhe ushqimi i t\u00eb pranishm\u00ebve dhe t\u00eb ngjashmet me t\u00eb, kjo e t\u00ebra \u00ebsht\u00eb prej risive n\u00eb fe p\u00ebr t\u00eb cilat Allahu nuk ka zbritur ligje&#8221;. Shiko: &#8220;Fetava Islamije&#8221; 2\/54. <\/span><\/p>\n<p dir=\"LTR\" style=\"text-align: justify; direction: ltr; unicode-bidi: embed;\"><i><span style=\"font-size: 12pt; line-height: 115%; font-family: Cambria, serif;\">&#8211; Leximi i Jasinit p\u00ebr t\u00eb vdekurit. <\/span><\/i><\/p>\n<p dir=\"LTR\" style=\"text-align: justify; direction: ltr; unicode-bidi: embed;\"><span style=\"font-size: 12pt; line-height: 115%; font-family: Cambria, serif;\">Kjo vep\u00ebr \u00ebsht\u00eb nj\u00eb nd\u00ebr m\u00eb t\u00eb k\u00ebrkuarat n\u00eb mesin e njer\u00ebzve t\u00eb cil\u00ebt d\u00ebshirojn\u00eb t&#8217;i b\u00ebjn\u00eb dobi t\u00eb af\u00ebrmeve t\u00eb tyre q\u00eb kan\u00eb nd\u00ebrruar jet\u00eb&nbsp; mir\u00ebpo edhe kjo \u00ebsht\u00eb nga ato vepra q\u00eb p\u00ebrfiton vet\u00ebm se i gjalli edhe at\u00eb materialisht e jo i vdekuri.<\/span><\/p>\n<p dir=\"LTR\" style=\"text-align: justify; direction: ltr; unicode-bidi: embed;\"><span style=\"font-size: 12pt; line-height: 115%; font-family: Cambria, serif;\">Dijetar\u00ebt jan\u00eb unik n\u00eb at\u00eb se leximi i sures Jasin p\u00ebr t\u00eb vdekurin \u00ebsht\u00eb vep\u00ebr e cila nuk i shkon t\u00eb vdekurit. Ekziston mospajtim mes tyre se a lejohet t\u00eb lexohet pran atij q\u00eb \u00ebsht\u00eb n\u00eb prag dhe moment t\u00eb vdekjes apo jo? Shumica e dijetar\u00ebve e nd\u00ebr ta Hanefit\u00eb, Shafit\u00eb dhe Hanbelit\u00eb e p\u00eblqejn\u00eb leximin e sures Jasin pran atij q\u00eb \u00ebsht\u00eb n\u00eb momentin e vdekjes dhe argumenti i tyre \u00ebsht\u00eb hadithi t\u00eb cilin e sh\u00ebnon Ebu Davudi dhe imam Ahmedi nga&nbsp; hadithi i ib\u00ebn Jesarit, <i>Allahu qoft\u00eb i k\u00ebnaqur nga ai<\/i>, i cili thot\u00eb se i D\u00ebrguari i Allahut, <i>alejhi salatu ue selam<\/i>, ka th\u00ebn\u00eb: <i>&#8220;Lexojani t\u00eb vdekurve kaptin\u00ebn Jasin&#8221;. <\/i><\/span><\/p>\n<p dir=\"LTR\" style=\"text-align: justify; direction: ltr; unicode-bidi: embed;\"><span style=\"font-size: 12pt; line-height: 115%; font-family: Cambria, serif;\">Ky hadith \u00ebsht\u00eb i dob\u00ebt dhe imam Neveviu, <i>Allahu e m\u00ebshiroft\u00eb<\/i>, n\u00eb librin e tij &#8220;El Edhkar&#8221; dhe ib\u00ebn Haxheri, <i>Allahu e m\u00ebshiroft\u00eb<\/i>, n\u00eb librin e tij &#8220;Et Telhis&#8221;. Poashtu e p\u00ebrcjell ib\u00ebn el Arabi nga Darukutnij, <i>Allahu i m\u00ebshiroft\u00eb<\/i>,&nbsp; se hadithi \u00ebsht\u00eb i dob\u00ebt. &nbsp;<\/span><\/p>\n<p dir=\"LTR\" style=\"text-align: justify; direction: ltr; unicode-bidi: embed;\"><span style=\"font-size: 12pt; line-height: 115%; font-family: Cambria, serif;\">Imam Ahmedi e sh\u00ebnon nj\u00eb gjurm\u00eb nga disa prej selefit ku ceket se ia lexuan nj\u00ebrit i cili ishte n\u00eb momentin e vdekjes Jasinin dhe e cek\u00ebn e se n\u00ebse i lexohet kjo sure i leht\u00ebsohet gjendja. <\/span><\/p>\n<p dir=\"LTR\" style=\"text-align: justify; direction: ltr; unicode-bidi: embed;\"><span style=\"font-size: 12pt; line-height: 115%; font-family: Cambria, serif;\">Ib\u00ebn Haxheri, <i>Allahu e m\u00ebshiroft\u00eb<\/i>, n\u00eb librin e tij &#8220;El Isabeh&#8221; e cek se zinxhiri i k\u00ebsaj gjurmoje \u00ebsht\u00eb i mir\u00eb. Shiko: &#8220;El Mexhmua&#8221; 5\/105, &#8220;Sherh Munteha el Iradat&#8221; 1\/341 dhe &#8220;Hashijetu ib\u00ebn Abidin&#8221; 2\/191. <\/span><\/p>\n<p dir=\"LTR\" style=\"text-align: justify; direction: ltr; unicode-bidi: embed;\"><span style=\"font-size: 12pt; line-height: 115%; font-family: Cambria, serif;\">Ib\u00ebn Tejmije, <i>Allahu e m\u00ebshiroft\u00eb<\/i>, \u00ebsht\u00eb i t\u00eb nj\u00ebjtit mendim se p\u00eblqehet t\u00eb lexohet&nbsp; Jasini pran atij q\u00eb \u00ebsht\u00eb n\u00eb momentin e vdekjes dhe thot\u00eb:&#8221;Leximi i Kuranit p\u00ebr t\u00eb vdekurit \u00ebsht\u00eb risi n\u00eb fe krahas leximit i cili b\u00ebhet pran atij q\u00eb \u00ebsht\u00eb n\u00eb momentin e vdekjes, dhe leximi i Jasinit n\u00eb k\u00ebt\u00eb rast p\u00eblqehet&#8221;. Shiko: &#8220;El Ihtijarat&#8221; f. 91. <\/span><\/p>\n<p dir=\"LTR\" style=\"text-align: justify; direction: ltr; unicode-bidi: embed;\"><span style=\"font-size: 12pt; line-height: 115%; font-family: Cambria, serif;\">Sipas tyre shkaku i p\u00eblqimit t\u00eb k\u00ebsaj sureje \u00ebsht\u00eb se kjo sure n\u00eb vete p\u00ebrmban teuhid dhe p\u00ebrg\u00ebzim me xhenet p\u00ebr at\u00eb q\u00eb vdes me teuhid t\u00eb past\u00ebr, pastaj rikujtimin e ahiret e k\u00ebshtu me radh\u00eb dhe kjo e b\u00ebn q\u00eb shpirti t\u00eb p\u00ebrg\u00ebzohet dhe me at\u00eb t&#8217;i leht\u00ebsohet dalja nga trupi i njeriut. Shiko: &#8220;Metalib Uli Nuha&#8221;.1\/837. <\/span><\/p>\n<p dir=\"LTR\" style=\"text-align: justify; direction: ltr; unicode-bidi: embed;\"><span style=\"font-size: 12pt; line-height: 115%; font-family: Cambria, serif;\">Imam Maliku, <i>Allahu e m\u00ebshiroft\u00eb<\/i>, \u00ebsht\u00eb i mendimit se urrehet leximi i Jasinit apo di\u00e7ka nga Kurani pran atij q\u00eb \u00ebsht\u00eb n\u00eb momentin e vdekjes p\u00ebr arsye hadithi \u00ebsht\u00eb i dob\u00ebt dhe kjo vep\u00ebr nuk njihet tek njer\u00ebzit. Shiko: &#8220;Fevakih Devani&#8221;. 1\/284, dhe &#8220;Sherh Muhtesar Halil&#8221; 2\/137.<\/span><\/p>\n<p dir=\"LTR\" style=\"text-align: justify; direction: ltr; unicode-bidi: embed;\"><span style=\"font-size: 12pt; line-height: 115%; font-family: Cambria, serif;\">Shejh Albani, <i>Allahu e m\u00ebshiroft\u00eb<\/i>, thot\u00eb: &#8220;Leximi i Jasinit pran atij q\u00eb \u00ebsht\u00eb n\u00eb momentin e vdekjes dhe kthimi i tij kah Kibleja nuk lejohet p\u00ebr arsye se hadithi \u00ebsht\u00eb i dob\u00ebt&#8221;. Shiko: &#8220;Dispozitat e xhenazeve&#8221;. Shejh Albani<\/span><\/p>\n<p dir=\"LTR\" style=\"text-align: justify; direction: ltr; unicode-bidi: embed;\"><span style=\"font-size: 12pt; line-height: 115%; font-family: Cambria, serif;\">\u00cbsht\u00eb pyetur dijetari dhe myftiu i m\u00ebhersh\u00ebm i Arabis\u00eb Saudite Abdulaziz ib\u00ebn Bazi, <i>Allahu e m\u00ebshiroft\u00eb<\/i>, se a lejohet q\u00eb t\u00eb lexohet surja Jasin pran atij q\u00eb \u00ebsht\u00eb n\u00eb momentin e vdekjes dhe \u00ebsht\u00eb p\u00ebrgjigjur: &#8220;Leximin e Jasinit pran atij q\u00eb \u00ebsht\u00eb n\u00eb prag t\u00eb vdekjes disa nga dijetar\u00ebt e kan\u00eb p\u00eblqyer duke u bazuar n\u00eb hadithin e ib\u00ebn Jesarit i cili e transmeton nga Ebu Othman Nehdij dhe disa nga dijetar\u00ebt hadithin e konsiderojn\u00eb se \u00ebsht\u00eb i dob\u00ebt dhe e cekin se transmetuesi i hadithit nuk \u00ebsht\u00eb Ebu Othman Nehdij po Ebu Othman njeri tjet\u00ebr i cili nuk njihet dhe hadithi nuk mundet t\u00eb pranohet si i v\u00ebrtet\u00eb dhe p\u00ebr k\u00ebt\u00eb arsye nuk preferohet leximi i tij. Ata q\u00eb e p\u00eblqyen leximin e Jasinit pran atij q\u00eb \u00ebsht\u00eb n\u00eb momentin e vdekjes menduan se hadithi \u00ebsht\u00eb i mir\u00eb dhe e mor\u00ebn si argument, mir\u00ebpo leximi i Kuranit atij q\u00eb \u00ebsht\u00eb i s\u00ebmur\u00eb \u00ebsht\u00eb \u00e7\u00ebshtje e mir\u00eb dhe ndoshta Allahu i b\u00ebn dobi kurse ve\u00e7imi i Jasinit nuk mundet t\u00eb merret si baz\u00eb p\u00ebr arsye se ky hadith \u00ebsht\u00eb i dob\u00ebt&#8221;. Shiko: &#8220;Fetava ib\u00ebn Baz&#8221;. 13\/93.&nbsp;&nbsp; <\/span><\/p>\n<p dir=\"LTR\" style=\"text-align: justify; direction: ltr; unicode-bidi: embed;\"><strong><span style=\"font-size: 12pt; line-height: 115%; font-family: Cambria, serif; font-weight: normal;\">\u00cbsht\u00eb pyetur dijetari i nderuar Ib\u00ebn Uthejmini se a \u00ebsht\u00eb sipas Sunetit k\u00ebndimi kaptin\u00ebs Jasin pran\u00eb t\u00eb s\u00ebmurit p\u00ebr vdekje apo jo dhe \u00ebsht\u00eb p\u00ebrgjigjur:&#8221;K\u00ebndimi i kaptin\u00ebs Jasin pran muslimanit af\u00ebr vdekjes \u00ebsht\u00eb Sunet tek shum\u00eb dijetar\u00eb. Jan\u00eb bazuar n\u00eb hadithin e Pejgamberit: &#8220;Lexojani kaptin\u00ebn Jasin t\u00eb vdekurve&#8221;. Por k\u00ebt\u00eb hadith disa dijetar e kan\u00eb b\u00ebr\u00eb t\u00eb dob\u00ebt. Pra, ata q\u00eb e shohin k\u00ebt\u00eb hadith si t\u00eb v\u00ebrtet\u00eb leximi i k\u00ebsaj kaptine pran t\u00eb s\u00ebmurit p\u00ebr vdekje \u00ebsht\u00eb Sunet. Nd\u00ebrsa ata q\u00eb e shohin hadithin e dob\u00ebt nj\u00eb gj\u00eb e till\u00eb nuk \u00ebsht\u00eb Sunet&#8221;.<\/span><\/strong><span style=\"font-size: 12pt; line-height: 115%; font-family: Cambria, serif;\"> Shiko: &#8220;Fetava ib\u00ebn Uthejmin&#8221;. 17\/72.<\/span><\/p>\n<p dir=\"LTR\" style=\"text-align: justify; direction: ltr; unicode-bidi: embed;\"><span style=\"font-size: 12pt; line-height: 115%; font-family: Cambria, serif;\">Prej k\u00ebtyre argumenteve shihet qart\u00eb se dijetar\u00ebt jan\u00eb unik n\u00eb at\u00eb se leximi i Kuranit n\u00eb p\u00ebrgjith\u00ebsi dhe leximi i Jasinit n\u00eb ve\u00e7anti p\u00ebr t\u00eb vdekurin \u00ebsht\u00eb risi n\u00eb fe p\u00ebr t\u00eb cil\u00ebn Allahu nuk ka zbritur ligj dhe se mospajtimi mes tyre \u00ebsht\u00eb se lejohet q\u00eb t\u00eb k\u00ebndohet pran atij q\u00eb \u00ebsht\u00eb n\u00eb momentin e vdekjes me q\u00ebllim q\u00eb t&#8217;ia leht\u00ebson dhembjet n\u00eb ato momente dhe t&#8217;ia leht\u00ebson daljen e shpirtit me rikujtimin e ahiret dhe xhenetit t\u00eb Allahut.<\/span><\/p>\n<p dir=\"LTR\" style=\"text-align: justify; direction: ltr; unicode-bidi: embed;\"><i><span style=\"font-size: 12pt; line-height: 115%; font-family: Cambria, serif;\">&#8211; Ngritja e varrezave, meremetimi i tyre, sh\u00ebnimi i fjal\u00ebve miradije p\u00ebr ta etj. <\/span><\/i><\/p>\n<p dir=\"LTR\" style=\"margin: 0in 0in 0.0001pt; text-align: justify; line-height: 115%; background-color: white;\"><span style=\"font-family: Cambria, serif; font-size: 12pt;\">Pejgamberi, <i>alejhi salatu ue selam<\/i>, ceket se i kishte porositur Aliun, <i>Allahu qoft\u00eb i k\u00ebnaqur nga ai:<\/i> <b><i>&#8220;<\/i><\/b><strong><i><span style=\"border: 1pt none windowtext; padding: 0in; font-weight: normal;\">T\u00eb mos l\u00ebsh statuja pa prishur dhe varr t\u00eb ngritur pa rrafshuar<\/span><\/i><\/strong><b><i>&#8220;.<\/i> <\/b>(Muslimi)<\/span><\/p>\n<p dir=\"LTR\" style=\"margin: 0in 0in 0.0001pt; text-align: justify; line-height: 115%; background-color: white;\"><span style=\"font-family: Cambria, serif; font-size: 12pt;\"><\/span><span style=\"font-family: Cambria, serif;\">N\u00eb nj\u00eb transmetim tjet\u00ebr thuhet: <\/span><i style=\"font-size: 16px; line-height: 115%;\"><span style=\"font-family: Cambria, serif;\">&#8220;<\/span><\/i><i style=\"font-size: 16px; line-height: 115%;\"><span style=\"font-family: Cambria, serif;\">A<strong><span style=\"border: 1pt none windowtext; padding: 0in; font-weight: normal;\">s statuja, buste pa i prishur mos l\u00eb<\/span><\/strong><\/span><\/i><b style=\"font-size: 16px; line-height: 115%;\"><i><span style=\"font-family: Cambria, serif;\">&#8220;<\/span><\/i><\/b><b style=\"font-size: 16px; line-height: 115%;\"><i><span style=\"font-family: Cambria, serif;\">.<\/span><\/i><\/b><\/p>\n<p dir=\"LTR\" style=\"margin: 0in 0in 0.0001pt; text-align: justify; line-height: 115%; background-color: white;\"><span style=\"font-size: 12pt;\"><b><span style=\"font-family: Cambria, serif;\"><\/span><\/b><\/span><span style=\"font-size: 16px; font-family: Cambria, serif; line-height: 115%;\">Varr i ngritur \u00ebsht\u00eb ai i cili dallohet prej varreve t\u00eb tjera. Ai duhet t\u00eb rrafshohet, t\u00eb barazohet me t\u00eb tjer\u00ebt q\u00eb t\u00eb mos mendohet se banori i k\u00ebtij varri ka ndonj\u00eb cil\u00ebsi&nbsp;t\u00eb ve\u00e7ant\u00eb qoft\u00eb kjo pas nj\u00eb far\u00eb kohe.<\/span><\/p>\n<p dir=\"LTR\" style=\"margin: 0in 0in 0.0001pt; text-align: justify; line-height: 115%; background-color: white;\"><span style=\"font-family: Cambria, serif; font-size: 12pt;\"><\/span><span style=\"font-size: 16px; font-family: Cambria, serif; line-height: 115%;\">Transmetohet nga i D\u00ebrguari i Allahut<\/span><span class=\"apple-converted-space\" style=\"font-size: 16px; font-family: Cambria, serif; line-height: 115%;\">, <i>alejhi salatu ue selam<\/i>, <span style=\"border: 1pt none windowtext; padding: 0in;\">n\u00eb<\/span><\/span><span style=\"font-size: 16px; font-family: Cambria, serif; line-height: 115%;\"> hadithe t\u00eb v\u00ebrteta se ai ka ndaluar t\u00eb suvatohen varret me lla\u00e7 g\u00eblqereje, t\u00eb ulet mbi to, t\u00eb nd\u00ebrtohet mbi to, apo t\u00eb shkruhet n\u00eb to, e gjith\u00eb kjo ngase suvatimi i tyre dhe t\u00eb nd\u00ebrtuarit mbi to \u00ebsht\u00eb metod\u00eb q\u00eb shpien n\u00eb madh\u00ebrimin e t\u00eb varrosurve dhe adhurimin e tyre.<\/span><\/p>\n<p dir=\"LTR\" style=\"margin: 0in 0in 0.0001pt; text-align: justify; line-height: 115%; background-color: white;\"><span style=\"font-family: Cambria, serif; font-size: 12pt;\"><\/span><span style=\"font-size: 16px; font-family: Cambria, serif; line-height: 115%;\">Pra shihet se prej udh\u00ebzimit t\u00eb D\u00ebrguarit t\u00eb Allahut, <\/span><i style=\"font-size: 16px; font-family: Cambria, serif; line-height: 115%;\">alejhi salatu ue selam<\/i><span style=\"font-size: 16px; font-family: Cambria, serif; line-height: 115%;\">, nuk ka qen\u00eb meremetimi i varreve, ngritja e tyre, nd\u00ebrtimi i tyre, sh\u00ebnimi fjal\u00ebve miradije mbi ta si\u00e7 e veprojn\u00eb sot shum\u00eb nga musliman\u00ebt dhe kjo e t\u00ebra \u00ebsht\u00eb risi e cila nuk pranohet n\u00eb fen\u00eb e Allahut. Kush mendon ndryshe le t\u00eb sjell argumentet q\u00eb d\u00ebshmojn\u00eb se i D\u00ebrguari i Allahut, <\/span><i style=\"font-size: 16px; font-family: Cambria, serif; line-height: 115%;\">alejhi salatu ue selam<\/i><span style=\"font-size: 16px; font-family: Cambria, serif; line-height: 115%;\">, i ka vepruar k\u00ebto risi t\u00eb cil\u00ebt i veprojn\u00eb musliman\u00ebt sot n\u00ebp\u00ebr varreza derisa ka arritur \u00e7\u00ebshtja q\u00eb njer\u00ebzit t\u00eb mendojn\u00eb se varret jan\u00eb pron\u00eb private e jo pron\u00eb e musliman\u00ebve dhe se ata munden t\u00eb b\u00ebjn\u00eb me to \u00e7ka t\u00eb dojn\u00eb. N\u00ebse vazhdohet q\u00eb \u00e7do varr i muslimanit t\u00eb meremetohet dhe mos t\u00eb ket\u00eb hap\u00ebsir\u00eb q\u00eb pas nj\u00eb kohe t\u00eb varroset n\u00eb t\u00eb nj\u00ebjtin varr musliman tjet\u00ebr at\u00ebher\u00eb do t\u00eb detyrohemi q\u00eb n\u00eb \u00e7do skaj t\u00eb qyteteve t\u00eb nd\u00ebrtojm\u00eb varreza apo ndoshta edhe qytete t\u00eb t\u00ebra t&#8217;i sh\u00ebndrrojn\u00eb n\u00eb varreza, Allahu na ruajt.<\/span><\/p>\n<p dir=\"LTR\" style=\"margin: 0in 0in 0.0001pt; text-align: justify; line-height: 115%; background-color: white;\"><span style=\"font-family: Cambria, serif; font-size: 12pt;\"><\/span><span style=\"font-size: 16px; font-family: Cambria, serif; line-height: 115%;\">Q\u00ebllimi i shkrimit n\u00eb varre \u00ebsht\u00eb q\u00ebllimi sh\u00ebnimit t\u00eb fjal\u00ebve miradije q\u00eb i b\u00ebnin n\u00eb koh\u00ebn e injoranc\u00ebs pra para Islamit dhe q\u00eb e nj\u00ebjta sot veprohet nga disa musliman dhe dijetar\u00ebt e cekin se kjo nuk lejohet kurse sh\u00ebnimi i emrit dhe mbiemrit t\u00eb vdekurit apo vizatimi i ndonj\u00eb shenje me q\u00ebllim q\u00eb t\u00eb dallohet varri kjo lejohet.<\/span><\/p>\n<p dir=\"LTR\" style=\"margin: 0in 0in 0.0001pt; text-align: justify; line-height: 115%; background-color: white;\"><span style=\"font-family: Cambria, serif; font-size: 12pt;\"><\/span><i style=\"font-size: 16px; line-height: 115%;\"><span style=\"font-family: Cambria, serif;\">&#8211; P\u00ebrkujtimi i t\u00eb vdekurit n\u00eb dit\u00ebn e shtat\u00eb apo dit\u00ebn e dyzet.<\/span><\/i><\/p>\n<p dir=\"LTR\" style=\"margin: 0in 0in 0.0001pt; text-align: justify; line-height: 115%; background-color: white;\"><span style=\"font-family: Cambria, serif;\"><\/span><span style=\"font-size: 16px; font-family: Cambria, serif; line-height: 115%;\">Baza \u00ebsht\u00eb se kjo \u00ebsht\u00eb tradit\u00eb e Faraon\u00ebve para ardhjes s\u00eb Islamit e cila m\u00eb von\u00eb u p\u00ebrhap tek musliman\u00ebt dhe kjo \u00ebsht\u00eb nj\u00eb vep\u00ebr e keqe dhe risi n\u00eb fe e cila nuk pranohet n\u00eb fen\u00eb e Allahut dhe nuk ka asnj\u00eb baz\u00eb as nga Kurani e as nga Syneti e as nga t\u00eb par\u00ebt tan\u00eb se duhet t\u00eb b\u00ebhet ndonj\u00eb manifestim p\u00ebr t\u00eb vdekurin qoft\u00eb ajo menj\u00ebher\u00eb pas vdekjes s\u00eb tij apo dit\u00ebn e shtat\u00eb apo t\u00eb dyzet\u00ebn apo pas nj\u00eb viti. Kjo \u00ebsht\u00eb e t\u00ebra risi dhe tradit\u00eb e keqe tek Egjiptasit e vjet\u00ebr. Shiko: &#8220;Dispozitat e xhenazes&#8221;. Shejh Albani dhe &#8220;Fetava Islamije&#8221;. 2\/56.<\/span><\/p>\n<p dir=\"LTR\" style=\"text-align: justify; direction: ltr; unicode-bidi: embed;\"><i><span style=\"font-size: 12pt; line-height: 115%; font-family: Cambria, serif;\">&#8211; Ve\u00e7imi i vizit\u00ebs s\u00eb varrezave nat\u00ebn dhe dit\u00ebn e Bajramit.<\/span><\/i><\/p>\n<p dir=\"LTR\" style=\"text-align: justify; direction: ltr; unicode-bidi: embed;\"><span style=\"font-size: 12pt; line-height: 115%; font-family: Cambria, serif;\">\u00cbsht\u00eb b\u00ebr\u00eb tradit\u00eb q\u00eb musliman\u00ebt dit\u00ebn e Bajramit apo nat\u00ebn e Bajramit t&#8217;i vizitojn\u00eb varrezat dhe t\u00eb b\u00ebjn\u00eb Bajram me t\u00eb vdekurit. Ka prej ta tyre q\u00eb i japin p\u00ebrpar\u00ebsi t\u00eb vdekurve para t\u00eb gjall\u00ebve dhe i sheh se menj\u00ebher\u00eb pasi q\u00eb e falin namazin e Bajramit nisen p\u00ebr tek varrezat dhe i harrojn\u00eb t\u00eb gjallit. Kjo padyshim se bie n\u00eb kund\u00ebrshtim me fen\u00eb dhe logjik\u00ebn e sh\u00ebndosh\u00eb. T\u00eb vdekurit nuk d\u00ebgjojn\u00eb dhe atyre nuk u intereson Bajrami, ata e jetojn\u00eb jet\u00ebn e tyre n\u00eb varr, ka prej tyre q\u00eb ndoshta d\u00ebnohen a musliman\u00ebt e shkret\u00eb shkojn\u00eb dhe ia urojn\u00eb fest\u00ebn e Bajramit!. Vizita e varrezave \u00ebsht\u00eb e lejuar madje i D\u00ebrguari i Allahut, <i>alejhi salatu ue selam<\/i>, ka nxitur q\u00eb ato t\u00eb vizitohen p\u00ebr arsye se ta mund\u00ebson q\u00eb t\u00eb lutesh p\u00ebr musliman\u00eb dhe ta rikujton ahiret mir\u00ebpo vizit\u00ebn nuk e ka ve\u00e7uar me ndonj\u00eb dit\u00eb po thjesht muslimani mundet t&#8217;i viziton p\u00ebr \u00e7do dit\u00eb. <\/span><\/p>\n<p dir=\"LTR\" style=\"text-align: justify; direction: ltr; unicode-bidi: embed;\"><span style=\"font-size: 12pt; line-height: 115%; font-family: Cambria, serif;\">Dijetari Muhamed Salih el Uthejmin, <i>Allahu e m\u00ebshiroft\u00eb<\/i>, thot\u00eb: &#8220;Dalja nat\u00ebn e Bajramit me q\u00ebllim vizite t\u00eb varrezave \u00ebsht\u00eb risi n\u00eb fe p\u00ebr arsye se i D\u00ebrguari i Allahut, alejhi salatu ue selam, nuk ceket se e ka vepruar k\u00ebt\u00eb vep\u00ebr dhe se e ka caktuar ndonj\u00eb dit\u00eb t\u00eb posa\u00e7me p\u00ebr t\u00eb vizituar varrezat e sidomos dit\u00ebn e Bajramit. P\u00ebrcillet se i D\u00ebrguari i Allahut, <i>alejhi salatu ue selam<\/i>, ka th\u00ebn\u00eb: <i><span style=\"background-color: white;\">&#8220;Ruajuni nga risit\u00eb n\u00eb fe, \u00e7do risi n\u00eb fe \u00ebsht\u00eb bidat dhe \u00e7do bidat \u00ebsht\u00eb devijim dhe \u00e7do devijim t\u00eb \u00e7on n\u00eb zjarr&#8221;.<\/span><\/i><span style=\"background-color: white;\"> <\/span><\/span><\/p>\n<p dir=\"LTR\" style=\"text-align: justify; direction: ltr; unicode-bidi: embed;\"><i><span style=\"font-size: 12pt; line-height: 115%; font-family: Cambria, serif; background-color: white;\">&#8211; K\u00ebndimi i Mevludit dhe Qelimeve. <\/span><\/i><\/p>\n<p dir=\"LTR\" style=\"text-align: justify; direction: ltr; unicode-bidi: embed;\"><span style=\"font-size: 12pt; line-height: 115%; font-family: Cambria, serif; background-color: white;\">K\u00ebto dy vepra jan\u00eb t\u00eb shp\u00ebrndara me t\u00eb madhe n\u00eb trevat tona dhe njer\u00ebzit mendojn\u00eb se jan\u00eb adhurime t\u00eb caktuar nga ana e Allahut po n\u00eb fakt q\u00ebndron e kund\u00ebrta. K\u00ebto forma t\u00eb adhurimeve nuk kan\u00eb qen\u00eb t\u00eb njohura as n\u00eb koh\u00ebn e Pejgamberit, <i>alejhi salatu ue selam<\/i>, as n\u00eb koh\u00ebn tri gjeneratave t\u00eb arta (sahab\u00ebt, tabi&#8217;in\u00ebt dhe gjenerata q\u00eb erdhi pas tyre), por ajo \u00ebsht\u00eb risi q\u00eb filloi t\u00eb praktikohet te musliman\u00ebt disa qindra vite pas p\u00ebrfundimit t\u00eb shpalljes. <\/span><\/p>\n<p dir=\"LTR\" style=\"text-align: justify; direction: ltr; unicode-bidi: embed;\"><span style=\"font-size: 12pt; line-height: 115%; font-family: Cambria, serif; background-color: white;\">N\u00eb fund t\u00eb shekullit t\u00eb kat\u00ebrt hixhrij, n\u00eb Egjipt u formua shteti Fatimij i Shijave armiqve m\u00eb t\u00eb m\u00ebdhenj t\u00eb Allahut<span class=\"apple-converted-space\">&nbsp;<\/span>dhe u shfaq p\u00ebr her\u00eb t\u00eb par\u00eb n\u00eb historin\u00eb e musliman\u00ebve festimi i lindjes s\u00eb Pejgamberit, <i>alejhi salatu ue selam<\/i>. K\u00ebt\u00eb e thot\u00eb el Makrizij kur p\u00ebrmend dit\u00ebt e kalif\u00ebve Fatimij, t\u00eb cil\u00ebt e festonin dit\u00ebn e mevludit dhe e b\u00ebnin fest\u00eb. Prej mevlud\u00ebve m\u00eb kryesor\u00eb ishin gjasht\u00eb: mevludi i Pejgamberit, <i>alejhi salatu ue selam<\/i>, i Aliut, <i>Allahu qoft\u00eb i k\u00ebnaqur nga ai<\/i>, i Hasenit, Husejnit dhe i Fatimes<i>,&nbsp; Allahu qoft\u00eb i k\u00ebnaqur nga gjith\u00eb ata<\/i>, si dhe i kalifit q\u00eb ishte prezent<span style=\"border: 1pt none windowtext; padding: 0in;\">.<\/span><\/span><\/p>\n<p dir=\"LTR\" style=\"text-align: justify; direction: ltr; unicode-bidi: embed;\"><span style=\"font-size: 12pt; line-height: 115%; font-family: Cambria, serif; background-color: white;\">Me k\u00ebt\u00eb u v\u00ebrtetua edhe fjala e t\u00eb D\u00ebrguarit t\u00eb Allahut, <i>alejhi salatu ue selam<\/i>, i cili ua t\u00ebrhoqi v\u00ebrejtjen musliman\u00ebve q\u00eb mos t&#8217;i pasojn\u00eb jobesimtar\u00ebt n\u00eb traditat dhe festat e tyre dhe nj\u00eb prej tyre \u00ebsht\u00eb edhe mevludi p\u00ebr arsye se m\u00eb her\u00ebt krishter\u00ebt e mor\u00ebn si fest\u00eb t\u00eb p\u00ebrvitshme lindjen e Isait, alejhi selam. Ata e b\u00ebn\u00eb at\u00eb fest\u00eb madh\u00ebshtore duke vepruar n\u00eb t\u00eb gj\u00ebra t\u00eb sh\u00ebmtuara, harame t\u00eb ndryshme, si pirja e alkoolit, n\u00ebn justifikimin<span class=\"apple-converted-space\">&nbsp;<\/span><strong><span style=\"font-family: Cambria, serif; border: 1pt none windowtext; padding: 0in; font-weight: normal;\">dit\u00eb g\u00ebzimi dhe lumturie<\/span><\/strong>. <\/span><\/p>\n<p dir=\"LTR\" style=\"text-align: justify; direction: ltr; unicode-bidi: embed;\"><span style=\"font-size: 12pt; line-height: 115%; font-family: Cambria, serif; background-color: white;\">Pra, kjo \u00ebsht\u00eb origjina ku e mb\u00ebshtesin festimin e dat\u00eblindjes s\u00eb Pejgamberit, alejhi salatu ue selam,&nbsp; dhe p\u00ebr k\u00ebt\u00eb imam es Sehavij thot\u00eb: &#8220;Kur kryqtar\u00ebt lindjen e Pejgamberit<span class=\"apple-converted-space\">&nbsp;<\/span>t\u00eb tyre e b\u00ebn\u00eb fest\u00ebn m\u00eb t\u00eb madhe, pasuesit e Islamit kan\u00eb m\u00eb p\u00ebrpar\u00ebsi n\u00eb respektim&#8221;.<\/span><\/p>\n<p dir=\"LTR\" style=\"text-align: justify; direction: ltr; unicode-bidi: embed;\"><span style=\"font-size: 12pt; line-height: 115%; font-family: Cambria, serif; background-color: white;\">Kjo gj\u00eb v\u00ebrtetohet edhe nga fjala e t\u00eb D\u00ebrguarit, alejhi salatu ue selam, q\u00eb thot\u00eb<b>:<i><span style=\"border: 1pt none windowtext; padding: 0in;\"> <\/span><\/i><\/b><i><span style=\"border: 1pt none windowtext; padding: 0in;\">&#8220;<strong><span style=\"font-family: Cambria, serif; font-weight: normal;\">Do t\u2019i pasoni ata q\u00eb kan\u00eb qen\u00eb para jush p\u00ebll\u00ebmb\u00eb p\u00ebr p\u00ebll\u00ebmb\u00eb dhe b\u00ebrryl p\u00ebr b\u00ebrryl. Edhe sikur t\u00eb hyn\u00eb n\u00eb vrim\u00ebn e hardhuc\u00ebs, edhe aty do t&#8217;i pasoni<\/span><\/strong>&#8220;.<\/span><\/i><span style=\"border: 1pt none windowtext; padding: 0in;\"> <\/span>&nbsp;<\/span><span style=\"font-size: 12pt; line-height: 115%; font-family: Cambria, serif; background-color: white;\">Pra, kjo \u00ebsht\u00eb origjina e mevludit.<\/span><\/p>\n<p dir=\"LTR\" style=\"text-align: justify; direction: ltr; unicode-bidi: embed;\"><span style=\"font-size: 12pt; line-height: 115%; font-family: Cambria, serif; background-color: white;\">Kurse sa i takon &#8220;Qelimeve&#8221;, kjo fjal\u00eb rrjedh nga gjuha arabe &#8220;el Kelime&#8221; q\u00eb do t\u00eb thot\u00eb fjal\u00eb dhe tek ne p\u00ebr q\u00ebllim e kan\u00eb th\u00ebnien e fjal\u00ebs s\u00eb shehadetit disa mij\u00eb her\u00eb me shpres\u00eb se kjo fjal\u00eb do t&#8217;i b\u00ebn dobi t\u00eb vdekurit. T\u00eb par\u00ebt q\u00eb e kan\u00eb shpikur k\u00ebt\u00eb vep\u00ebr jan\u00eb Shijat dhe ceket se nj\u00ebri nga ata e kishte pa nj\u00eb \u00ebnd\u00ebrr ku i vdekuri i kishte pas th\u00ebn\u00eb t\u00eb thot\u00eb p\u00ebr t\u00eb disa mije her\u00eb shehadetin dhe ai do t\u00eb hyn n\u00eb xhenet. <\/span><\/p>\n<p dir=\"LTR\" style=\"text-align: justify; direction: ltr; unicode-bidi: embed;\"><span style=\"font-size: 12pt; line-height: 115%; font-family: Cambria, serif; background-color: white;\">K\u00ebto t\u00eb gjitha jan\u00eb pallavra t\u00eb shejtan\u00ebve Shija ku tentuan dhe tentojn\u00eb ta shkat\u00ebrrojn\u00eb fen\u00eb e past\u00ebr t\u00eb Allahut dhe njeriu i men\u00e7ur dhe i logjiksh\u00ebm nuk bie n\u00eb k\u00ebt\u00eb kurth t\u00eb shejtanit, mir\u00ebpo ajo \u00e7ka m\u00eb shumti \u00e7udit \u00ebsht\u00eb q\u00ebndrimi i hoxhallar\u00ebve tan\u00eb q\u00eb tentojn\u00eb ta argumentojn\u00eb me argumente t\u00eb ndryshme k\u00ebt\u00eb risi n\u00eb fe edhe pse vet e din\u00eb se i vdekuri prej saj nuk ka asnj\u00eb dobi po thjesht nuk d\u00ebshirojn\u00eb t&#8217;i humbin bizneset e tyre dhe t&#8217;i mbushin xhepat e tyre madje disa Shija filluan t\u00eb ankohen se hoxhallar\u00ebt e tan\u00eb nuk u lan\u00eb p\u00ebr biznes asgj\u00eb ua mor\u00ebn buk\u00ebn me p\u00ebrhapjen e k\u00ebsaj vepre n\u00eb mesin ton\u00eb dhe t\u00eb gjith\u00eb ata q\u00eb e kund\u00ebrshtojn\u00eb k\u00ebt\u00eb risi n\u00eb fe i konsiderojn\u00eb si ekstremist\u00eb dhe me fe tjet\u00ebr. Ata e harrojn\u00eb faktin se Muhamedi, <i>alejhi salatu ue selam<\/i>, k\u00ebt\u00eb vep\u00ebr nuk e ka vepruar dhe nuk ka nxitur dhe poashtu shok\u00ebt e tij me t\u00eb cil\u00ebt Allahu ka qen\u00eb i k\u00ebnaqur me ta dhe ata kan\u00eb qen\u00eb t\u00eb k\u00ebnaqur me Allahun nuk e kan\u00eb vepruar e n\u00eb mesin e tyre edhe Ebu Hanifja.<\/span><\/p>\n<p dir=\"LTR\" style=\"text-align: justify; direction: ltr; unicode-bidi: embed;\"><span style=\"font-size: 12pt; line-height: 115%; font-family: Cambria, serif; background-color: white;\">Pra, ata harrojn\u00eb se at\u00eb pasuri q\u00eb e marrin \u00ebsht\u00eb pasuri e fituar me haram dhe se ky haram ua mbush barqet e tyre me zjarr dhe barqet e familjeve t\u00eb tyre i mbushin me zjarr dhe Allahu p\u00ebr k\u00ebt\u00eb arsye edhe i n\u00ebn\u00e7mon para mas\u00ebs ku jetojn\u00eb dhe veprojn\u00eb.&nbsp; <\/span><\/p>\n<p dir=\"LTR\" style=\"text-align: justify; direction: ltr; unicode-bidi: embed;\"><span style=\"font-size: 12pt; line-height: 115%; font-family: Cambria, serif;\">Kjo ishte ajo e t\u00ebra q\u00eb pata mund\u00ebsi me lejen e Allahut ta p\u00ebrmbledhi rreth tem\u00ebs se \u00e7ka i b\u00ebn dobi dhe \u00e7ka nuk i b\u00ebn dobi t\u00eb vdekurit dhe e lus Allahun e Madh\u00ebruar q\u00eb k\u00ebto fjal\u00eb t\u00eb na b\u00ebjn\u00eb dobi n\u00eb dynja dhe ahiret dhe e lus Allahun q\u00eb t\u00eb vdekurit tan\u00eb t&#8217;i m\u00ebshiron, t&#8217;i fal, varret e tyre t&#8217;i ndri\u00e7on dhe zgjeron dhe n\u00eb xhenetin e Tij t\u00eb na bashkon. <\/span><\/p>\n<p dir=\"LTR\" style=\"text-align: justify; direction: ltr; unicode-bidi: embed;\"><span style=\"font-size: 12pt; line-height: 115%; font-family: Cambria, serif;\">P\u00ebrgatiti dhe p\u00ebrkthehu: Irfan <b>JAHIU<\/b><\/span><\/p>\n<p dir=\"LTR\" style=\"text-align: justify; direction: ltr; unicode-bidi: embed;\"><span style=\"font-size: 12pt; line-height: 115%; font-family: Cambria, serif;\">&nbsp;<\/span><\/p>\n<p align=\"center\" dir=\"LTR\" style=\"direction: ltr; unicode-bidi: embed; text-align: justify;\"><span style=\"font-size: 16px; font-family: Cambria, serif; line-height: 115%;\">&nbsp;<\/span><\/p>\n<p dir=\"LTR\" style=\"text-align: justify; direction: ltr; unicode-bidi: embed;\"><span style=\"font-size: 12pt; line-height: 115%; font-family: Cambria, serif;\"><\/span><\/p>\n","protected":false},"excerpt":{"rendered":"<p>N\u00eb shkrimin e kaluar e cek\u00ebm se i vdekuri mundet t\u00eb p\u00ebrfiton edhe pas vdekjes s\u00eb tij dhe p\u00ebr k\u00ebt\u00eb d\u00ebshmojn\u00eb Allahu dhe i D\u00ebrguari i Tij. Veprat q\u00eb mundet t\u00eb p\u00ebrfiton i vdekuri jan\u00eb t\u00eb shumta dhe t\u00eb llojllojshme dhe ato vijn\u00eb si rezultat i veprave t\u00eb tij dhe gjurm\u00ebve t\u00eb k\u00ebtyre veprave q\u00eb [&hellip;]<\/p>\n","protected":false},"author":3,"featured_media":0,"comment_status":"open","ping_status":"open","sticky":false,"template":"","format":"standard","meta":{"footnotes":""},"categories":[4],"tags":[],"class_list":{"0":"post-287","1":"post","2":"type-post","3":"status-publish","4":"format-standard","6":"category-c86-akide"},"_links":{"self":[{"href":"https:\/\/shkollaislame.com\/index.php?rest_route=\/wp\/v2\/posts\/287","targetHints":{"allow":["GET"]}}],"collection":[{"href":"https:\/\/shkollaislame.com\/index.php?rest_route=\/wp\/v2\/posts"}],"about":[{"href":"https:\/\/shkollaislame.com\/index.php?rest_route=\/wp\/v2\/types\/post"}],"author":[{"embeddable":true,"href":"https:\/\/shkollaislame.com\/index.php?rest_route=\/wp\/v2\/users\/3"}],"replies":[{"embeddable":true,"href":"https:\/\/shkollaislame.com\/index.php?rest_route=%2Fwp%2Fv2%2Fcomments&post=287"}],"version-history":[{"count":0,"href":"https:\/\/shkollaislame.com\/index.php?rest_route=\/wp\/v2\/posts\/287\/revisions"}],"wp:attachment":[{"href":"https:\/\/shkollaislame.com\/index.php?rest_route=%2Fwp%2Fv2%2Fmedia&parent=287"}],"wp:term":[{"taxonomy":"category","embeddable":true,"href":"https:\/\/shkollaislame.com\/index.php?rest_route=%2Fwp%2Fv2%2Fcategories&post=287"},{"taxonomy":"post_tag","embeddable":true,"href":"https:\/\/shkollaislame.com\/index.php?rest_route=%2Fwp%2Fv2%2Ftags&post=287"}],"curies":[{"name":"wp","href":"https:\/\/api.w.org\/{rel}","templated":true}]}}