{"id":334,"date":"2014-09-30T11:57:34","date_gmt":"2014-09-30T11:57:34","guid":{"rendered":"http:\/\/shkollaislame.com\/SHKIWP\/index.php\/2014\/09\/30\/prej-kur-eshte-bere-kurban-bajrami-problem-per-nje-familje\/"},"modified":"2014-09-30T11:57:34","modified_gmt":"2014-09-30T11:57:34","slug":"prej-kur-eshte-bere-kurban-bajrami-problem-per-nje-familje","status":"publish","type":"post","link":"https:\/\/shkollaislame.com\/?p=334","title":{"rendered":"PREJ KUR \u00cbSHT\u00cb B\u00cbR\u00cb KURBAN BAJRAMI PROBLEM P\u00cbR NJ\u00cb FAMILJE!!"},"content":{"rendered":"<div class=\"userContentWrapper\">\n<div class=\"_wk\" style=\"font-size: 14px; line-height: 20px; text-align: justify;\"><span class=\"userContent\">Prej at\u00ebher\u00eb kur emri i tij \u00ebsht\u00eb shnd\u00ebrruar nga kurban bajram n\u00eb bajramin e madh!<\/p>\n<p>Prej at\u00ebher\u00eb kur therja e kurbanit \u00ebsht\u00eb b\u00ebr\u00eb tradit\u00eb shoq\u00ebrore, e jo adhurim q\u00eb t\u00eb afron kah&nbsp;<span class=\"text_exposed_show\" style=\"display: inline;\">Allahu!<\/p>\n<p>Prej at\u00ebher\u00eb kur l\u00ebkura e kurbanit ka filluar t\u00eb shitet!<\/span><\/span><\/div>\n<div class=\"_wk\" style=\"font-size: 14px; line-height: 20px; text-align: justify;\"><span class=\"userContent\"><span class=\"text_exposed_show\" style=\"display: inline;\"> <!--more--> <br \/>Prej at\u00ebher\u00eb kur kurbani ka filluar t\u00eb blihet p\u00ebr hir t\u00eb f\u00ebmij\u00ebve, e jo p\u00ebr hir t\u00eb afrimit kah Allahu!<\/p>\n<p>Prej at\u00ebher\u00eb kur mishi i kurbanit ka filluar t\u00eb ruhet n\u00ebp\u00ebr frigorifer\u00eb, dhe nuk \u00ebsht\u00eb shp\u00ebrndar\u00eb p\u00ebr t\u00eb varfrit e jetim\u00ebt!<\/p>\n<p>Prej at\u00ebher\u00eb kur \u00ebsht\u00eb b\u00ebr\u00eb bajrami shans p\u00ebr ta prezantuar fuqin\u00eb e blerjes dhe t\u00eb garuarit me numrin e kurbaneve!<\/p>\n<p>Prej at\u00ebher\u00eb kur filluam t\u00eb shkojm\u00eb n\u00eb xhami me fal namazin e bajramit dhe t\u00eb shohim se si komshiu jon\u00eb e ka ther\u00eb kurbanin para se t\u00eb falet namazi.<\/p>\n<p>Prej at\u00ebher\u00eb kur mishi i kurbanit \u00ebsht\u00eb b\u00ebr\u00eb pjes\u00eb e ndejave me alkool dhe me haram.<\/p>\n<p>Nga arabishtja: Irfan JAHIU<\/span><\/span><\/div>\n<\/p><\/div>\n<p style=\"text-align: justify;\"><a class=\"photo photoWidth1 _4dsy\" href=\"https:\/\/www.facebook.com\/ThirrjaIslameofficial\/photos\/a.231688900209722.71098.230736196971659\/856503071061632\/?type=1&amp;relevant_count=1\" rel=\"theater\" ajaxify=\"\/ThirrjaIslameofficial\/photos\/a.231688900209722.71098.230736196971659\/856503071061632\/?type=1&amp;relevant_count=1&amp;src=https%3A%2F%2Ffbcdn-sphotos-b-a.akamaihd.net%2Fhphotos-ak-xpf1%2Fv%2Ft1.0-9%2F10628220_856503071061632_7852486977724754106_n.jpg%3Foh%3Df51ade77b1b25c5caeb579ed17ec9568%26oe%3D54CB0C9F%26__gda__%3D1422439925_0056738ec3fb36aafe87dfc9d18307bb&amp;size=645%2C341&amp;fbid=856503071061632&amp;source=9&amp;player_origin=unknown\" data-gt=\"{&quot;fbid&quot;:&quot;856503071061632&quot;}\" data-ft=\"{&quot;tn&quot;:&quot;E&quot;}\" style=\"color: #3b5998; cursor: pointer; text-decoration: none; display: block; margin-right: -9px; margin-left: -9px; font-family: Helvetica, Arial, 'lucida grande', tahoma, verdana, arial, sans-serif; font-size: 12px; line-height: 15.3599996566772px; background-color: #ffffff;\"><\/a><\/p>\n<div class=\"letterboxedImage photoWrap\" style=\"position: relative; width: 504px; height: 266px; text-align: justify; background-color: #f2f2f2;\"><a class=\"photo photoWidth1 _4dsy\" href=\"https:\/\/www.facebook.com\/ThirrjaIslameofficial\/photos\/a.231688900209722.71098.230736196971659\/856503071061632\/?type=1&amp;relevant_count=1\" rel=\"theater\" ajaxify=\"\/ThirrjaIslameofficial\/photos\/a.231688900209722.71098.230736196971659\/856503071061632\/?type=1&amp;relevant_count=1&amp;src=https%3A%2F%2Ffbcdn-sphotos-b-a.akamaihd.net%2Fhphotos-ak-xpf1%2Fv%2Ft1.0-9%2F10628220_856503071061632_7852486977724754106_n.jpg%3Foh%3Df51ade77b1b25c5caeb579ed17ec9568%26oe%3D54CB0C9F%26__gda__%3D1422439925_0056738ec3fb36aafe87dfc9d18307bb&amp;size=645%2C341&amp;fbid=856503071061632&amp;source=9&amp;player_origin=unknown\" data-gt=\"{&quot;fbid&quot;:&quot;856503071061632&quot;}\" data-ft=\"{&quot;tn&quot;:&quot;E&quot;}\" style=\"color: #3b5998; cursor: pointer; text-decoration: none; display: block; margin-right: -9px; margin-left: -9px; font-family: Helvetica, Arial, 'lucida grande', tahoma, verdana, arial, sans-serif; font-size: 12px; line-height: 15.3599996566772px; background-color: #ffffff;\">&nbsp;<\/a><\/div>\n<p>&nbsp;<\/p>\n","protected":false},"excerpt":{"rendered":"<p>Prej at\u00ebher\u00eb kur emri i tij \u00ebsht\u00eb shnd\u00ebrruar nga kurban bajram n\u00eb bajramin e madh! Prej at\u00ebher\u00eb kur therja e kurbanit \u00ebsht\u00eb b\u00ebr\u00eb tradit\u00eb shoq\u00ebrore, e jo adhurim q\u00eb t\u00eb afron kah&nbsp;Allahu! Prej at\u00ebher\u00eb kur l\u00ebkura e kurbanit ka filluar t\u00eb shitet!<\/p>\n","protected":false},"author":3,"featured_media":0,"comment_status":"open","ping_status":"open","sticky":false,"template":"","format":"standard","meta":{"footnotes":""},"categories":[6],"tags":[],"class_list":{"0":"post-334","1":"post","2":"type-post","3":"status-publish","4":"format-standard","6":"category-c96-davet"},"_links":{"self":[{"href":"https:\/\/shkollaislame.com\/index.php?rest_route=\/wp\/v2\/posts\/334","targetHints":{"allow":["GET"]}}],"collection":[{"href":"https:\/\/shkollaislame.com\/index.php?rest_route=\/wp\/v2\/posts"}],"about":[{"href":"https:\/\/shkollaislame.com\/index.php?rest_route=\/wp\/v2\/types\/post"}],"author":[{"embeddable":true,"href":"https:\/\/shkollaislame.com\/index.php?rest_route=\/wp\/v2\/users\/3"}],"replies":[{"embeddable":true,"href":"https:\/\/shkollaislame.com\/index.php?rest_route=%2Fwp%2Fv2%2Fcomments&post=334"}],"version-history":[{"count":0,"href":"https:\/\/shkollaislame.com\/index.php?rest_route=\/wp\/v2\/posts\/334\/revisions"}],"wp:attachment":[{"href":"https:\/\/shkollaislame.com\/index.php?rest_route=%2Fwp%2Fv2%2Fmedia&parent=334"}],"wp:term":[{"taxonomy":"category","embeddable":true,"href":"https:\/\/shkollaislame.com\/index.php?rest_route=%2Fwp%2Fv2%2Fcategories&post=334"},{"taxonomy":"post_tag","embeddable":true,"href":"https:\/\/shkollaislame.com\/index.php?rest_route=%2Fwp%2Fv2%2Ftags&post=334"}],"curies":[{"name":"wp","href":"https:\/\/api.w.org\/{rel}","templated":true}]}}