{"id":4452,"date":"2020-08-06T16:38:01","date_gmt":"2020-08-06T16:38:01","guid":{"rendered":"http:\/\/shkollaislame.com\/?p=4452"},"modified":"2020-08-06T16:38:01","modified_gmt":"2020-08-06T16:38:01","slug":"pasha-allahun-si-me-ke-harruar","status":"publish","type":"post","link":"https:\/\/shkollaislame.com\/?p=4452","title":{"rendered":"PASHA ALLAHUN, SI M\u00cb KE HARRUAR?!"},"content":{"rendered":"<p>Isha duke ecur rrug\u00ebs dhe papritmas m\u2019u paraqit nj\u00eb njeri, filloi t\u00eb m\u00eb p\u00ebrqafoj\u00eb e t\u00eb m\u00eb puth\u00eb dhe m\u00eb tha: \u201cA nuk t\u00eb rikujtohem?! Un\u00eb jam filani, shoku i shkoll\u00ebs, ishim bashk\u00eb me nj\u00eb klas\u00eb.\u201d<\/p>\n<p>Me t\u00eb v\u00ebrtet\u00eb nuk e rikujtoja! Shikimin e drejtova kah ai, e shikoja n\u00eb sy, e ai b\u00ebrtiste dhe m\u00eb thoshte: \u201cA nuk t\u00eb kujtohem?!\u201d<\/p>\n<p>Un\u00eb me t\u00eb v\u00ebrtet\u00eb nuk e rikujtoja!<\/p>\n<p>U ul n\u00eb tok\u00eb dhe filloi t\u00eb qaj\u00eb dhe t\u00eb m\u00eb thot\u00eb: \u201cSi m\u00eb ke harruar? Pasha Allahun, m\u00eb mbyte! Si m\u00eb ke harruar?!\u201d<\/p>\n<p>I thash\u00eb: \u201cPasha Allahun, k\u00ebrkoj ndjes\u00eb, mir\u00ebpo nuk m\u00eb kujtohesh, ndoshta p\u00ebr shkak preokupimeve t\u00eb shumta.\u201d<\/p>\n<p>U ktheva n\u00eb sht\u00ebpi, mir\u00ebpo, kjo situat\u00eb tep\u00ebr e \u00e7uditshme ma preokupoi mendjen.<\/p>\n<p>Ajo q\u00eb m\u00eb tep\u00ebr m\u00eb preokupoi nuk ishte personaliteti i k\u00ebtij njeriu, se a ishte shoku i klas\u00ebs apo jo, por m\u00eb shum\u00eb m\u00eb preokupoi gjendja e tij kur e ndjeu se si nj\u00eb njeri i dashur, i shtrenjt\u00eb tek ai dhe q\u00eb e donte, vet\u00ebm se e ka harruar.<\/p>\n<p>Mendova dhe thash\u00eb n\u00eb vete: A mundet Allahu q\u00eb t\u00eb m\u00eb harroj\u00eb?! Si do t\u00eb jet\u00eb gjendja ime n\u00ebse Allahu m\u00eb harron? A do t\u00eb jem sikurse ky njeri apo gjendja ime do t\u00eb jet\u00eb edhe m\u00eb e r\u00ebnd\u00eb?<\/p>\n<p>Mir\u00ebpo, Allahu a e harron dik\u00eb?<\/p>\n<p>P\u00ebrgjigjja, p\u00ebr fat t\u00eb keq, \u00ebsht\u00eb \u201cpo\u201d! Allahu ka mund\u00ebsi q\u00eb ta harroj\u00eb robin e vet.<\/p>\n<p>Allahu n\u00eb tre ajete tha:<\/p>\n<p>1. \u201cAta e kan\u00eb harruar Allahun, por edhe Ai i ka harruar ata.\u201d (Et-Teube: 67)<\/p>\n<p>2. \u201cPastaj do t\u2019u thuhet: \u201cNe sot po ju braktisim n\u00eb harres\u00eb, ashtu si\u00e7 e keni harruar ju takimin e k\u00ebsaj dite. Vendq\u00ebndrimi juaj \u00ebsht\u00eb Zjarri dhe p\u00ebr ju nuk ka kurrfar\u00eb ndihm\u00ebsi.\u201d (El-Xhathije: 34)<\/p>\n<p>3. \u201c(Allahu) do t\u2019i thot\u00eb: \u201cK\u00ebshtu t\u00eb erdh\u00ebn shenjat Tona dhe ti i harrove ato e po k\u00ebshtu sot do t\u00eb jesh i harruar.\u201d (Ta Ha: 126)<\/p>\n<p>K\u00ebt\u00eb ngjarje na e rr\u00ebfen dijetari i nderuar, Muhamed Husejn Jakubi, Allahu e ruajtt\u00eb!<\/p>\n<p>Nga arabishtja: Irfan JAHIU<\/p>\n","protected":false},"excerpt":{"rendered":"<p>Isha duke ecur rrug\u00ebs dhe papritmas m\u2019u paraqit nj\u00eb njeri, filloi t\u00eb m\u00eb p\u00ebrqafoj\u00eb e t\u00eb m\u00eb puth\u00eb dhe m\u00eb tha: \u201cA nuk t\u00eb rikujtohem?! Un\u00eb jam filani, shoku i shkoll\u00ebs, ishim bashk\u00eb me nj\u00eb klas\u00eb.\u201d Me t\u00eb v\u00ebrtet\u00eb nuk e rikujtoja! Shikimin e drejtova kah ai, e shikoja n\u00eb sy, e ai b\u00ebrtiste dhe [&hellip;]<\/p>\n","protected":false},"author":4,"featured_media":4453,"comment_status":"closed","ping_status":"open","sticky":false,"template":"","format":"standard","meta":{"footnotes":""},"categories":[5,67,24,23],"tags":[],"class_list":{"0":"post-4452","1":"post","2":"type-post","3":"status-publish","4":"format-standard","5":"has-post-thumbnail","7":"category-c95-ahlak","8":"category-te-zgjedhura","9":"category-c91-tregime","10":"category-c89-urtesi"},"_links":{"self":[{"href":"https:\/\/shkollaislame.com\/index.php?rest_route=\/wp\/v2\/posts\/4452","targetHints":{"allow":["GET"]}}],"collection":[{"href":"https:\/\/shkollaislame.com\/index.php?rest_route=\/wp\/v2\/posts"}],"about":[{"href":"https:\/\/shkollaislame.com\/index.php?rest_route=\/wp\/v2\/types\/post"}],"author":[{"embeddable":true,"href":"https:\/\/shkollaislame.com\/index.php?rest_route=\/wp\/v2\/users\/4"}],"replies":[{"embeddable":true,"href":"https:\/\/shkollaislame.com\/index.php?rest_route=%2Fwp%2Fv2%2Fcomments&post=4452"}],"version-history":[{"count":1,"href":"https:\/\/shkollaislame.com\/index.php?rest_route=\/wp\/v2\/posts\/4452\/revisions"}],"predecessor-version":[{"id":4454,"href":"https:\/\/shkollaislame.com\/index.php?rest_route=\/wp\/v2\/posts\/4452\/revisions\/4454"}],"wp:featuredmedia":[{"embeddable":true,"href":"https:\/\/shkollaislame.com\/index.php?rest_route=\/wp\/v2\/media\/4453"}],"wp:attachment":[{"href":"https:\/\/shkollaislame.com\/index.php?rest_route=%2Fwp%2Fv2%2Fmedia&parent=4452"}],"wp:term":[{"taxonomy":"category","embeddable":true,"href":"https:\/\/shkollaislame.com\/index.php?rest_route=%2Fwp%2Fv2%2Fcategories&post=4452"},{"taxonomy":"post_tag","embeddable":true,"href":"https:\/\/shkollaislame.com\/index.php?rest_route=%2Fwp%2Fv2%2Ftags&post=4452"}],"curies":[{"name":"wp","href":"https:\/\/api.w.org\/{rel}","templated":true}]}}