{"id":4785,"date":"2020-12-31T11:23:24","date_gmt":"2020-12-31T11:23:24","guid":{"rendered":"http:\/\/shkollaislame.com\/?p=4785"},"modified":"2020-12-31T11:23:24","modified_gmt":"2020-12-31T11:23:24","slug":"ebu-hanifja-dhe-respektimi-i-prinderve-2","status":"publish","type":"post","link":"https:\/\/shkollaislame.com\/?p=4785","title":{"rendered":"EBU HANIFJA DHE RESPEKTIMI I PRIND\u00cbRVE"},"content":{"rendered":"<p>Imam Ebu Hanife, Allahu e m\u00ebshiroft\u00eb!<em>, <\/em>njihej si respektues i madh i prind\u00ebrve. Ai shpesh lutej dhe k\u00ebrkonte falje tek Allahu p\u00ebr prind\u00ebrit e tij, kurse \u00e7do muaj jepte l\u00ebmosh\u00eb nga nj\u00ebzet dinar\u00eb p\u00ebr ata.<\/p>\n<p>Ai thot\u00eb:<\/p>\n<p><em>Ndonj\u00ebher\u00eb shkoja n\u00eb mexhlisin e Omer<\/em> <em>ib\u00ebn<\/em> <em>Dherit s\u00eb bashku me n\u00ebn\u00ebn time, kurse ndonj\u00ebher\u00eb m\u00eb d\u00ebrgonte vet\u00eb q\u00eb ta pyes p\u00ebr ndonj\u00eb \u00e7\u00ebshtje. I afrohesha atij dhe e pyes\u0458\u0430:<\/em><\/p>\n<p><em>\u00a0\u00a0\u00a0\u00a0\u00a0\u00a0\u00a0\u00a0\u00a0\u00a0\u00a0 \u201cN\u00ebna ime m\u00eb ka urdh\u00ebruar q\u00eb t\u00eb vij te ti p\u00ebr t\u00eb t\u00eb pyetur p\u00ebr k\u00ebt\u00eb \u00e7\u00ebshtje.\u201d<\/em><\/p>\n<p><em>\u00a0\u00a0\u00a0\u00a0\u00a0\u00a0\u00a0\u00a0\u00a0\u00a0\u00a0 \u201cTi t\u00eb m\u00eb pyes\u00ebsh mua p\u00ebr k\u00ebt\u00eb \u00e7\u00ebshtje, nd\u00ebrkoh\u00eb q\u00eb ti je m\u00eb i ditur se un\u00eb!\u201d, m\u00eb thoshte ai i habitur. Nd\u00ebrsa, un\u00eb ia kthe\u0458a:<\/em><\/p>\n<p><em>\u00a0\u00a0\u00a0\u00a0\u00a0\u00a0\u00a0\u00a0\u00a0\u00a0\u00a0 \u201cAjo m\u00eb ka urdh\u00ebruar!\u201d<\/em><\/p>\n<p><em>\u00a0\u00a0\u00a0\u00a0\u00a0\u00a0\u00a0\u00a0\u00a0\u00a0\u00a0 \u201cN\u00eb rregull. Ma thuaj p\u00ebrgjigjen, q\u00eb un\u00eb t\u00eb ta them ty!\u201d, m\u00eb thoshte ai.<\/em><\/p>\n<p><em>\u00a0\u00a0\u00a0\u00a0\u00a0\u00a0\u00a0\u00a0\u00a0\u00a0\u00a0 Nj\u00eb her\u00eb tjet\u00ebr, n\u00ebna ima k\u00ebrkoi nga un\u00eb q\u00eb t\u2019i p\u00ebrgjigjem p\u00ebr nj\u00eb \u00e7\u00ebshtje. Un\u00eb ia tregova at\u00eb, por nuk e pranoi nga un\u00eb. M\u00eb tha se nuk e pranon p\u00ebrgjigjen e k\u00ebsaj pyetjeje, pos nga Zura el<\/em> <em>Vaidh. Un\u00eb shkova deri tek ai dhe i thash\u00eb q\u00eb n\u00ebna ime k\u00ebrkon p\u00ebrgjigje p\u00ebr k\u00ebt\u00eb \u00e7\u00ebshtje. Nd\u00ebrsa, ai m\u00eb tha:<\/em><\/p>\n<p><em>\u00a0\u00a0\u00a0\u00a0\u00a0\u00a0\u00a0\u00a0\u00a0\u00a0\u00a0 \u201cTi je m\u00eb i ditur se un\u00eb!\u201d<\/em><\/p>\n<p><em>\u00a0\u00a0\u00a0\u00a0\u00a0\u00a0\u00a0\u00a0\u00a0\u00a0\u00a0 \u201cA t\u2019i them q\u00eb kjo \u00e7\u00ebshtje \u00ebsht\u00eb k\u00ebshtu?\u201d, e pyeta. Nd\u00ebrsa, ai m\u00eb tha:<\/em><\/p>\n<p><em>\u00a0\u00a0\u00a0\u00a0\u00a0\u00a0\u00a0\u00a0\u00a0\u00a0\u00a0 \u201cE v\u00ebrteta \u00ebsht\u00eb ajo q\u00eb e thot\u00eb Ebu<\/em> <em>Hanifja.\u201d<\/em><\/p>\n<p><em>\u00a0\u00a0\u00a0\u00a0\u00a0\u00a0\u00a0\u00a0\u00a0\u00a0\u00a0 Un\u00eb isha i k\u00ebnaqur me p\u00ebrgjigjen e tij dhe, k\u00ebshtu, ika ta lajm\u00ebroj n\u00ebn\u00ebn time.<\/em><\/p>\n<p>Nga arabishtja: Irfan JAHIU<\/p>\n<p><em>\u00a0<\/em><\/p>\n","protected":false},"excerpt":{"rendered":"<p>Imam Ebu Hanife, Allahu e m\u00ebshiroft\u00eb!, njihej si respektues i madh i prind\u00ebrve. Ai shpesh lutej dhe k\u00ebrkonte falje tek Allahu p\u00ebr prind\u00ebrit e tij, kurse \u00e7do muaj jepte l\u00ebmosh\u00eb nga nj\u00ebzet dinar\u00eb p\u00ebr ata. Ai thot\u00eb: Ndonj\u00ebher\u00eb shkoja n\u00eb mexhlisin e Omer ib\u00ebn Dherit s\u00eb bashku me n\u00ebn\u00ebn time, kurse ndonj\u00ebher\u00eb m\u00eb d\u00ebrgonte vet\u00eb [&hellip;]<\/p>\n","protected":false},"author":4,"featured_media":4786,"comment_status":"closed","ping_status":"open","sticky":false,"template":"","format":"standard","meta":{"footnotes":""},"categories":[5,67,24,23],"tags":[],"class_list":{"0":"post-4785","1":"post","2":"type-post","3":"status-publish","4":"format-standard","5":"has-post-thumbnail","7":"category-c95-ahlak","8":"category-te-zgjedhura","9":"category-c91-tregime","10":"category-c89-urtesi"},"_links":{"self":[{"href":"https:\/\/shkollaislame.com\/index.php?rest_route=\/wp\/v2\/posts\/4785","targetHints":{"allow":["GET"]}}],"collection":[{"href":"https:\/\/shkollaislame.com\/index.php?rest_route=\/wp\/v2\/posts"}],"about":[{"href":"https:\/\/shkollaislame.com\/index.php?rest_route=\/wp\/v2\/types\/post"}],"author":[{"embeddable":true,"href":"https:\/\/shkollaislame.com\/index.php?rest_route=\/wp\/v2\/users\/4"}],"replies":[{"embeddable":true,"href":"https:\/\/shkollaislame.com\/index.php?rest_route=%2Fwp%2Fv2%2Fcomments&post=4785"}],"version-history":[{"count":2,"href":"https:\/\/shkollaislame.com\/index.php?rest_route=\/wp\/v2\/posts\/4785\/revisions"}],"predecessor-version":[{"id":4788,"href":"https:\/\/shkollaislame.com\/index.php?rest_route=\/wp\/v2\/posts\/4785\/revisions\/4788"}],"wp:featuredmedia":[{"embeddable":true,"href":"https:\/\/shkollaislame.com\/index.php?rest_route=\/wp\/v2\/media\/4786"}],"wp:attachment":[{"href":"https:\/\/shkollaislame.com\/index.php?rest_route=%2Fwp%2Fv2%2Fmedia&parent=4785"}],"wp:term":[{"taxonomy":"category","embeddable":true,"href":"https:\/\/shkollaislame.com\/index.php?rest_route=%2Fwp%2Fv2%2Fcategories&post=4785"},{"taxonomy":"post_tag","embeddable":true,"href":"https:\/\/shkollaislame.com\/index.php?rest_route=%2Fwp%2Fv2%2Ftags&post=4785"}],"curies":[{"name":"wp","href":"https:\/\/api.w.org\/{rel}","templated":true}]}}