{"id":6294,"date":"2023-01-29T16:48:16","date_gmt":"2023-01-29T16:48:16","guid":{"rendered":"https:\/\/shkollaislame.com\/?p=6294"},"modified":"2023-01-29T16:48:16","modified_gmt":"2023-01-29T16:48:16","slug":"femija-eshte-amanet","status":"publish","type":"post","link":"https:\/\/shkollaislame.com\/?p=6294","title":{"rendered":"F\u00cbMIJA \u00cbSHT\u00cb AMANET"},"content":{"rendered":"<p>Dijetar\u00ebt kan\u00eb th\u00ebn\u00eb: \u201cF\u00ebmija \u00ebsht\u00eb amanet te prind\u00ebrit. Zemra e tij e past\u00ebr \u00ebsht\u00eb gur i \u00e7muar, e shtrenjt\u00eb, e pafajshme, pa asnj\u00eb njoll\u00eb dhe gjurm\u00eb. Ajo ka aft\u00ebsi t\u00eb pranoj\u00eb \u00e7do gj\u00eb dhe t\u00eb anoj\u00eb kah \u00e7do gj\u00eb q\u00eb anon kah ajo.<\/p>\n<p>N\u00ebse ajo kalitet me mir\u00ebsi dhe i m\u00ebsohet e mira, f\u00ebmija do t\u00eb rritet me at\u00eb mir\u00ebsi dhe do t\u00eb lumturohet n\u00eb dynja dhe ahiret. N\u00eb shp\u00ebrblim do t\u00eb jet\u00eb pjes\u00ebmarr\u00ebs edhe prindi, \u00e7do m\u00ebsues dhe edukator i tij.<\/p>\n<p>A n\u00ebse ajo kalitet me sherr dhe i m\u00ebsohet e keqja, lihet anash sikurse t\u00eb jet\u00eb kafsh\u00eb, ai do t\u00eb jetoj\u00eb fatkeq dhe do t\u00eb shkat\u00ebrrohet. Faji dhe p\u00ebrgjegj\u00ebsia do t\u00eb bjer\u00eb mbi supet e tij dhe mbi supet e p\u00ebrgjegj\u00ebsit dhe edukatorit t\u00eb tij.<\/p>\n<p>Sado q\u00eb prindi t\u00eb mundohet ta ruaj\u00eb f\u00ebmij\u00ebn nga zjarri i dynjas\u00eb, ruajtja dhe mbrojtja e tij nga zjarri i ahiretit duhet t\u00eb jet\u00eb prioriteti dhe synimi kryesor.\u201d<\/p>\n<p>Ihja ulum ed-din, Imam Gazaliu (3\/72).<\/p>\n<p>Nga arabishtja: Irfan JAHIU<\/p>\n","protected":false},"excerpt":{"rendered":"<p>Dijetar\u00ebt kan\u00eb th\u00ebn\u00eb: \u201cF\u00ebmija \u00ebsht\u00eb amanet te prind\u00ebrit. Zemra e tij e past\u00ebr \u00ebsht\u00eb gur i \u00e7muar, e shtrenjt\u00eb, e pafajshme, pa asnj\u00eb njoll\u00eb dhe gjurm\u00eb. Ajo ka aft\u00ebsi t\u00eb pranoj\u00eb \u00e7do gj\u00eb dhe t\u00eb anoj\u00eb kah \u00e7do gj\u00eb q\u00eb anon kah ajo. N\u00ebse ajo kalitet me mir\u00ebsi dhe i m\u00ebsohet e mira, f\u00ebmija do [&hellip;]<\/p>\n","protected":false},"author":4,"featured_media":6295,"comment_status":"closed","ping_status":"closed","sticky":false,"template":"","format":"standard","meta":{"footnotes":""},"categories":[5,4,6,67,23],"tags":[],"class_list":{"0":"post-6294","1":"post","2":"type-post","3":"status-publish","4":"format-standard","5":"has-post-thumbnail","7":"category-c95-ahlak","8":"category-c86-akide","9":"category-c96-davet","10":"category-te-zgjedhura","11":"category-c89-urtesi"},"_links":{"self":[{"href":"https:\/\/shkollaislame.com\/index.php?rest_route=\/wp\/v2\/posts\/6294","targetHints":{"allow":["GET"]}}],"collection":[{"href":"https:\/\/shkollaislame.com\/index.php?rest_route=\/wp\/v2\/posts"}],"about":[{"href":"https:\/\/shkollaislame.com\/index.php?rest_route=\/wp\/v2\/types\/post"}],"author":[{"embeddable":true,"href":"https:\/\/shkollaislame.com\/index.php?rest_route=\/wp\/v2\/users\/4"}],"replies":[{"embeddable":true,"href":"https:\/\/shkollaislame.com\/index.php?rest_route=%2Fwp%2Fv2%2Fcomments&post=6294"}],"version-history":[{"count":1,"href":"https:\/\/shkollaislame.com\/index.php?rest_route=\/wp\/v2\/posts\/6294\/revisions"}],"predecessor-version":[{"id":6296,"href":"https:\/\/shkollaislame.com\/index.php?rest_route=\/wp\/v2\/posts\/6294\/revisions\/6296"}],"wp:featuredmedia":[{"embeddable":true,"href":"https:\/\/shkollaislame.com\/index.php?rest_route=\/wp\/v2\/media\/6295"}],"wp:attachment":[{"href":"https:\/\/shkollaislame.com\/index.php?rest_route=%2Fwp%2Fv2%2Fmedia&parent=6294"}],"wp:term":[{"taxonomy":"category","embeddable":true,"href":"https:\/\/shkollaislame.com\/index.php?rest_route=%2Fwp%2Fv2%2Fcategories&post=6294"},{"taxonomy":"post_tag","embeddable":true,"href":"https:\/\/shkollaislame.com\/index.php?rest_route=%2Fwp%2Fv2%2Ftags&post=6294"}],"curies":[{"name":"wp","href":"https:\/\/api.w.org\/{rel}","templated":true}]}}