{"id":6327,"date":"2023-03-09T13:16:39","date_gmt":"2023-03-09T13:16:39","guid":{"rendered":"https:\/\/shkollaislame.com\/?p=6327"},"modified":"2023-03-09T13:17:48","modified_gmt":"2023-03-09T13:17:48","slug":"meditimi-ne-demet-dhe-pasojat-e-mekateve","status":"publish","type":"post","link":"https:\/\/shkollaislame.com\/?p=6327","title":{"rendered":"MEDITIMI N\u00cb D\u00cbMET DHE PASOJAT E M\u00cbKATEVE"},"content":{"rendered":"<p>Jahja ib\u00ebn Muadh ka th\u00ebn\u00eb: \u201cKush i k\u00ebnaq gjymtyr\u00ebt n\u00eb gjynahe, ve\u00e7se i ka mbjell\u00eb vetes pem\u00ebn e keqardhjeve.\u201d<\/p>\n<p>Abdusamed Ez-Zahid thot\u00eb: \u201cKush nuk e kupton q\u00eb pasionet, jan\u00eb kurth ai \u00ebsht\u00eb i mashtruar.\u201d<\/p>\n<p>Njohja e d\u00ebmit, dhembjeve dhe pasojave q\u00eb i japin m\u00ebkatet \u00ebsht\u00eb penges\u00eb e fort\u00eb p\u00ebr njeriun q\u00eb mos t\u00eb bjer\u00eb n\u00eb m\u00ebkat. Atij i mjafton q\u00eb t\u00eb meditoj\u00eb p\u00ebr ndodhit\u00eb e t\u00eb tjer\u00ebve dhe ajo q\u00eb i ka goditur popujt e m\u00ebhersh\u00ebm nga fatkeq\u00ebsit\u00eb dhe d\u00ebmet p\u00ebr shkak t\u00eb m\u00ebkateve.<\/p>\n<p>Kush i nxori prind\u00ebrit tan\u00eb (Ademin dhe Hav\u00ebn) prej vendbanimit t\u00eb k\u00ebnaq\u00ebsis\u00eb dhe lumturis\u00eb n\u00eb vendbanimin e dhembjeve dhe m\u00ebrzis\u00eb? Ishte m\u00ebkati! Kush e nxori Iblisin nga mbret\u00ebria e qiellit, u d\u00ebbua, u mallkua, u shnd\u00ebrrua pamja e tij, e jasht\u00ebm dhe e brendshme, n\u00eb pamje t\u00eb sh\u00ebmtuar, af\u00ebrsin\u00eb e nd\u00ebrroi me larg\u00ebsi, m\u00ebshir\u00ebn me mallkim, Xhenetin me zjarrin flak\u00ebrues, u posht\u00ebrua para Allahut, u shnd\u00ebrrua n\u00eb m\u00ebkatar kriminel q\u00eb e \u00e7on njer\u00ebzimin p\u00ebr n\u00eb \u00e7do krim dhe sherr. Ishte m\u00ebkati? Kush ishte shkak q\u00eb t\u00eb gjith\u00eb banor\u00ebt e Tok\u00ebs t\u00eb p\u00ebrmbyteshin n\u00eb uj\u00eb, derisa niveli i ujit arriti deri mbi majet e maleve? Kush ishte shkak q\u00eb populli i Adit t\u00eb d\u00ebnohej me er\u00ebn shkat\u00ebrruese derisa mund t\u2019i v\u00ebreje njer\u00ebzit t\u00eb p\u00ebrmbysur si trungjet e hurmave t\u00eb kalbura? Kush ishte shkak q\u00eb populli i Themudit t\u00eb d\u00ebnohej me nj\u00eb ul\u00ebrim\u00eb t\u00eb tmerrshme derisa u cop\u00ebtuan zemrat n\u00eb gjokset e tyre? Kush ishte shkak q\u00eb qyteti i Sedumit, qyteti i Lutit, alejhi selam, n\u00eb t\u00ebr\u00ebsi t\u00eb ngrihet lart n\u00eb qiell, derisa melek\u00ebt n\u00eb qiell i d\u00ebgjuan t\u00eb lehurat e qenve t\u00eb qytetit, e pastaj t\u00eb p\u00ebrmbysej \u00e7do gj\u00eb, saq\u00eb, ato q\u00eb ishin lart, Allahu i ktheu posht\u00eb dhe mbi ta l\u00ebshoi gur\u00eb nga balta e pjekur duke r\u00ebn\u00eb vazhdimisht, si shiu, k\u00ebshtu nuk mbeti n\u00eb t\u00eb jet\u00eb dhe njeri i gjall\u00eb. Kush ishte shkak q\u00eb popullin e Shuajbit ta godiste d\u00ebnimi i Dit\u00ebs s\u00eb Err\u00ebsir\u00ebs, kur ret\u00eb erdh\u00ebn mbi kokat e tyre, n\u00eb vend t\u00eb shiut, filloi t\u00eb binte zjarr flak\u00ebrues dhe t\u2019i digjte ata? Kush ishte shkak q\u00eb Faraoni dhe populli i tij t\u00eb p\u00ebrmbyteshin n\u00eb det, e shpirtrat e tyre t\u00eb d\u00ebnohen n\u00eb zjarr, ata do t\u00eb \u00e7ohen para Zjarrit n\u00eb m\u00ebngjes dhe mbr\u00ebmje (n\u00eb jet\u00ebn e varrit)? Pra, trupat u d\u00ebnuan me p\u00ebrmbytje, shpirtrat me zjarr, e takimi me Allahun do t\u00eb jet\u00eb n\u00eb Dit\u00ebn e Kiametit, ku do ta marrin edhe d\u00ebnimin e madh dhe p\u00ebrgjithmon\u00eb!<br \/>\nAndaj, meditimi n\u00eb dhembjet dhe fatkeq\u00ebsit\u00eb q\u00eb i sjellin m\u00ebkatet, \u00e7on n\u00eb devotshm\u00ebri. N\u00eb b\u00ebrjen e m\u00ebkatit mund t\u00eb ndihet nj\u00eb lloj k\u00ebnaq\u00ebsie, por e p\u00ebrkohshme, nd\u00ebrsa pasojat e m\u00ebkatit jan\u00eb t\u00eb m\u00ebdha dhe t\u00eb vazhdueshme, n\u00ebse njeriu nuk pendohet.<\/p>\n<p>Dr. Muhamed el-Munexhid<\/p>\n<p>Nga arabishtja: Irfan JAHIU<\/p>\n<p>(Pjes\u00eb nga libri &#8220;Frenat&#8221;, \u00ebsht\u00eb i p\u00ebrkthyer n\u00eb gjuh\u00ebn shqipe).<\/p>\n","protected":false},"excerpt":{"rendered":"<p>Jahja ib\u00ebn Muadh ka th\u00ebn\u00eb: \u201cKush i k\u00ebnaq gjymtyr\u00ebt n\u00eb gjynahe, ve\u00e7se i ka mbjell\u00eb vetes pem\u00ebn e keqardhjeve.\u201d Abdusamed Ez-Zahid thot\u00eb: \u201cKush nuk e kupton q\u00eb pasionet, jan\u00eb kurth ai \u00ebsht\u00eb i mashtruar.\u201d Njohja e d\u00ebmit, dhembjeve dhe pasojave q\u00eb i japin m\u00ebkatet \u00ebsht\u00eb penges\u00eb e fort\u00eb p\u00ebr njeriun q\u00eb mos t\u00eb bjer\u00eb n\u00eb [&hellip;]<\/p>\n","protected":false},"author":4,"featured_media":6330,"comment_status":"closed","ping_status":"closed","sticky":false,"template":"","format":"standard","meta":{"footnotes":""},"categories":[5,4,6,67],"tags":[],"class_list":{"0":"post-6327","1":"post","2":"type-post","3":"status-publish","4":"format-standard","5":"has-post-thumbnail","7":"category-c95-ahlak","8":"category-c86-akide","9":"category-c96-davet","10":"category-te-zgjedhura"},"_links":{"self":[{"href":"https:\/\/shkollaislame.com\/index.php?rest_route=\/wp\/v2\/posts\/6327","targetHints":{"allow":["GET"]}}],"collection":[{"href":"https:\/\/shkollaislame.com\/index.php?rest_route=\/wp\/v2\/posts"}],"about":[{"href":"https:\/\/shkollaislame.com\/index.php?rest_route=\/wp\/v2\/types\/post"}],"author":[{"embeddable":true,"href":"https:\/\/shkollaislame.com\/index.php?rest_route=\/wp\/v2\/users\/4"}],"replies":[{"embeddable":true,"href":"https:\/\/shkollaislame.com\/index.php?rest_route=%2Fwp%2Fv2%2Fcomments&post=6327"}],"version-history":[{"count":1,"href":"https:\/\/shkollaislame.com\/index.php?rest_route=\/wp\/v2\/posts\/6327\/revisions"}],"predecessor-version":[{"id":6329,"href":"https:\/\/shkollaislame.com\/index.php?rest_route=\/wp\/v2\/posts\/6327\/revisions\/6329"}],"wp:featuredmedia":[{"embeddable":true,"href":"https:\/\/shkollaislame.com\/index.php?rest_route=\/wp\/v2\/media\/6330"}],"wp:attachment":[{"href":"https:\/\/shkollaislame.com\/index.php?rest_route=%2Fwp%2Fv2%2Fmedia&parent=6327"}],"wp:term":[{"taxonomy":"category","embeddable":true,"href":"https:\/\/shkollaislame.com\/index.php?rest_route=%2Fwp%2Fv2%2Fcategories&post=6327"},{"taxonomy":"post_tag","embeddable":true,"href":"https:\/\/shkollaislame.com\/index.php?rest_route=%2Fwp%2Fv2%2Ftags&post=6327"}],"curies":[{"name":"wp","href":"https:\/\/api.w.org\/{rel}","templated":true}]}}