{"id":7789,"date":"2025-08-30T16:40:19","date_gmt":"2025-08-30T16:40:19","guid":{"rendered":"https:\/\/shkollaislame.com\/?p=7789"},"modified":"2025-08-30T16:40:19","modified_gmt":"2025-08-30T16:40:19","slug":"permendja-e-allahut-eshte-paqe-dhe-mburoje","status":"publish","type":"post","link":"https:\/\/shkollaislame.com\/?p=7789","title":{"rendered":"P\u00cbRMENDJA E ALLAHUT \u00cbSHT\u00cb PAQE DHE MBUROJ\u00cb"},"content":{"rendered":"<p>Abdullah ibn Hubejb, Allahu qoft\u00eb i k\u00ebnaqur prej tij, thot\u00eb: \u201cN\u00eb nj\u00eb nat\u00eb me shum\u00eb shi dhe tep\u00ebr e err\u00ebt, dol\u00ebm ta k\u00ebrkonim Pejgamberin, lavd\u00ebrimi dhe paqja e Allahut qofshin p\u00ebr t\u00eb, q\u00eb t\u00eb na printe n\u00eb namaz. Kur e gjet\u00ebm, na tha: \u2018A e fal\u00ebt namazin?\u2019 S\u2019dija si t\u2019i p\u00ebrgjigjesha dhe \u00e7far\u00eb t\u2019i thoja, andaj heshta! Pastaj m\u00eb tha: \u2018Thuaje!\u2019 Un\u00eb s\u2019dija \u00e7far\u00eb t\u00eb thoja, ve\u00e7 heshtja! P\u00ebrs\u00ebri m\u00eb tha: \u2018Thuaje!\u2019 Un\u00eb p\u00ebrs\u00ebri s\u2019dija \u00e7far\u00eb t\u00eb thoja, ve\u00e7 heshtja! P\u00ebrs\u00ebri m\u00eb tha: \u2018Thuaje!\u2019 I thash\u00eb: O i D\u00ebrguari i Allahut! \u00c7far\u00eb t\u00eb them? Tha: \u2018Thuaje: Kul huvAllahu ehad (suren Ihlas) dhe suren el-Felek dhe suren en-Nas, tri her\u00eb kur gdhihesh n\u00eb m\u00ebngjes dhe tri her\u00eb kur e arrin mbr\u00ebmjen, se kjo do t\u00eb t\u00eb mjaftoj\u00eb p\u00ebr \u00e7do gj\u00eb.\u2019 \u201d<a href=\"#_ftn1\" name=\"_ftnref1\"><sup>[1]<\/sup><\/a><\/p>\n<p>Et-Tibij, Allahu e m\u00ebshiroft\u00eb, n\u00eb komentin e hadithi thot\u00eb: \u201cFjal\u00ebt \u2018kjo do t\u00eb t\u00eb mjaftoj\u00eb p\u00ebr \u00e7do gj\u00eb\u2019; n\u00ebnkuptojn\u00eb q\u00eb do t\u00eb t\u00eb mbrojn\u00eb nga \u00e7do sherr dhe e keqe. Mundet q\u00eb kuptimi t\u00eb jet\u00eb edhe q\u00eb leximi i k\u00ebtyre sureve t\u00eb t\u00eb mjaftojn\u00eb dhe s\u2019ke nevoj\u00eb p\u00ebr sure t\u00eb tjera.\u201d<a href=\"#_ftn2\" name=\"_ftnref2\"><sup>[2]<\/sup><\/a><\/p>\n<p>Uthman ibn Afani, Allahu qoft\u00eb i k\u00ebnaqur prej tij, p\u00ebrcjell q\u00eb Pejgamberi, lavd\u00ebrimi dhe paqja e Allahut qofshin p\u00ebr t\u00eb, t\u00eb ket\u00eb th\u00ebn\u00eb: \u201cNuk ka rob q\u00eb p\u00ebr \u00e7do m\u00ebngjes t\u00eb dit\u00ebs dhe p\u00ebr \u00e7do mbr\u00ebmje t\u00eb nat\u00ebs, e thot\u00eb tri her\u00eb: \u2018Bismilahil-ledhi la je\u1e0durr-rru me\u2019asmihi shej\u2019un fil er\u1e0di ue la fis-semai ue hues-Semiul Alim.\u2019<a href=\"#_ftn3\" name=\"_ftnref3\"><sup>[3]<\/sup><\/a>; ve\u00e7se nuk do ta d\u00ebmtoj\u00eb at\u00eb asgj\u00eb.\u201d<a href=\"#_ftn4\" name=\"_ftnref4\"><sup>[4]<\/sup><\/a><\/p>\n<p>Do t\u00eb thot\u00eb q\u00eb p\u00ebrmendja e Allahut e ruan njeriun nga \u00e7do e keqe. Ia ruan zemr\u00ebn nga vesveset dhe dep\u00ebrtimet e shejtanit, ia ruan shpirtin dhe trupin nga zbritja e d\u00ebmit.<\/p>\n<p>&nbsp;<\/p>\n<p><a href=\"#_ftnref1\" name=\"_ftn1\">[1]<\/a> Ebu Davud (5082), Tirmidhiu, (3575), Nesaiu (5428), shejh Albani e vler\u00ebsoi t\u00eb mir\u00eb hadithin.<\/p>\n<p><a href=\"#_ftnref2\" name=\"_ftn2\">[2]<\/a> Mirkatul Mefatih (7\/29).<\/p>\n<p><a href=\"#_ftnref3\" name=\"_ftn3\">[3]<\/a> \u201cMe emrin e Allahut, em\u00ebr ky me p\u00ebrmendjen e t\u00eb cilit nuk mund t\u00eb b\u00ebj\u00eb d\u00ebm asgj\u00eb n\u00eb tok\u00eb dhe as n\u00eb qiell dhe Allahu \u00ebsht\u00eb i Cili e d\u00ebgjon \u00e7do gj\u00eb dhe \u00ebsht\u00eb i Gjith\u00ebdijshmi.\u201d (sh.p.)<\/p>\n<p><a href=\"#_ftnref4\" name=\"_ftn4\">[4]<\/a> Ebu Davud (5088), Tirmidhiu, (3388) dhe e sakt\u00ebsoi, Ibn Maxhe (3869), shejh Albani e vler\u00ebsoi t\u00eb sakt\u00eb hadithin.<\/p>\n<p>&nbsp;<\/p>\n<p>Dr. Muhamed Salih el Munexhidi<\/p>\n<p>Nga arabishtja: Irfan Jahiu<\/p>\n<p>(Pjes\u00eb nga libri i p\u00ebrkthyer n\u00eb gjuh\u00ebn shqipe: DOMETH\u00cbNIET DHE \u00a0KUPTIMET E DHIKRIT)<\/p>\n","protected":false},"excerpt":{"rendered":"<p>Abdullah ibn Hubejb, Allahu qoft\u00eb i k\u00ebnaqur prej tij, thot\u00eb: \u201cN\u00eb nj\u00eb nat\u00eb me shum\u00eb shi dhe tep\u00ebr e err\u00ebt, dol\u00ebm ta k\u00ebrkonim Pejgamberin, lavd\u00ebrimi dhe paqja e Allahut qofshin p\u00ebr t\u00eb, q\u00eb t\u00eb na printe n\u00eb namaz. Kur e gjet\u00ebm, na tha: \u2018A e fal\u00ebt namazin?\u2019 S\u2019dija si t\u2019i p\u00ebrgjigjesha dhe \u00e7far\u00eb t\u2019i thoja, [&hellip;]<\/p>\n","protected":false},"author":4,"featured_media":7790,"comment_status":"closed","ping_status":"closed","sticky":false,"template":"","format":"standard","meta":{"footnotes":""},"categories":[5,4,6,67],"tags":[],"class_list":{"0":"post-7789","1":"post","2":"type-post","3":"status-publish","4":"format-standard","5":"has-post-thumbnail","7":"category-c95-ahlak","8":"category-c86-akide","9":"category-c96-davet","10":"category-te-zgjedhura"},"_links":{"self":[{"href":"https:\/\/shkollaislame.com\/index.php?rest_route=\/wp\/v2\/posts\/7789","targetHints":{"allow":["GET"]}}],"collection":[{"href":"https:\/\/shkollaislame.com\/index.php?rest_route=\/wp\/v2\/posts"}],"about":[{"href":"https:\/\/shkollaislame.com\/index.php?rest_route=\/wp\/v2\/types\/post"}],"author":[{"embeddable":true,"href":"https:\/\/shkollaislame.com\/index.php?rest_route=\/wp\/v2\/users\/4"}],"replies":[{"embeddable":true,"href":"https:\/\/shkollaislame.com\/index.php?rest_route=%2Fwp%2Fv2%2Fcomments&post=7789"}],"version-history":[{"count":1,"href":"https:\/\/shkollaislame.com\/index.php?rest_route=\/wp\/v2\/posts\/7789\/revisions"}],"predecessor-version":[{"id":7791,"href":"https:\/\/shkollaislame.com\/index.php?rest_route=\/wp\/v2\/posts\/7789\/revisions\/7791"}],"wp:featuredmedia":[{"embeddable":true,"href":"https:\/\/shkollaislame.com\/index.php?rest_route=\/wp\/v2\/media\/7790"}],"wp:attachment":[{"href":"https:\/\/shkollaislame.com\/index.php?rest_route=%2Fwp%2Fv2%2Fmedia&parent=7789"}],"wp:term":[{"taxonomy":"category","embeddable":true,"href":"https:\/\/shkollaislame.com\/index.php?rest_route=%2Fwp%2Fv2%2Fcategories&post=7789"},{"taxonomy":"post_tag","embeddable":true,"href":"https:\/\/shkollaislame.com\/index.php?rest_route=%2Fwp%2Fv2%2Ftags&post=7789"}],"curies":[{"name":"wp","href":"https:\/\/api.w.org\/{rel}","templated":true}]}}